{"id":124117,"date":"2021-08-14T07:39:21","date_gmt":"2021-08-14T11:39:21","guid":{"rendered":"https:\/\/linitiative.ca\/International\/les-apprenants-de-18-ans-et-plus-appeles-a-se-faire-vacciner-des-le-16-aout\/"},"modified":"2021-08-14T07:39:21","modified_gmt":"2021-08-14T11:39:21","slug":"les-apprenants-de-18-ans-et-plus-appeles-a-se-faire-vacciner-des-le-16-aout","status":"publish","type":"post","link":"https:\/\/linitiative.ca\/International\/les-apprenants-de-18-ans-et-plus-appeles-a-se-faire-vacciner-des-le-16-aout\/","title":{"rendered":"Les apprenants de 18 ans et plus appel\u00e9s \u00e0 se faire vacciner d\u00e8s le 16 ao\u00fbt"},"content":{"rendered":"<div>\n<div style=\"margin-bottom:20px;\"><img loading=\"lazy\" decoding=\"async\" width=\"750\" height=\"430\" src=\"https:\/\/linitiative.ca\/International\/wp-content\/uploads\/sites\/23\/2021\/08\/SiC3A8ge-MinistC3A8re-de-lE28099C389ducation-Nationale-750C397430-MAP.jpg\" class=\"attachment-post-thumbnail size-post-thumbnail wp-post-image\" alt=\"\" srcset=\"https:\/\/linitiative.ca\/International\/wp-content\/uploads\/sites\/23\/2021\/08\/SiC3A8ge-MinistC3A8re-de-lE28099C389ducation-Nationale-750C397430-MAP.jpg 750w, http:\/\/www.mapoujda.ma\/map\/uploads\/2021\/01\/Si\u00e8ge-Minist\u00e8re-de-l\u2019\u00c9ducation-Nationale-750\u00d7430-MAP-300x172.jpg 300w\" sizes=\"auto, (max-width: 750px) 100vw, 750px\"><\/div>\n<div>\n<p style=\"text-align: justify;\">Le minist\u00e8re de l\u2019\u00c9ducation nationale, de la formation professionnelle, de l\u2019enseignement sup\u00e9rieur et de la recherche scientifique a invit\u00e9 les \u00e9l\u00e8ves, \u00e9tudiants et stagiaires de 18 ans et plus \u00e0 se faire vacciner contre la Covid-19, d\u00e8s lundi prochain.<\/p>\n<p style=\"text-align: justify;\">Cet appel intervient\u00a0suite \u00e0 l\u2019\u00e9largissement de la campagne de vaccination anti Covid-19 aux jeunes de 18 ans et plus, affirme le minist\u00e8re, samedi, dans un communiqu\u00e9.<\/p>\n<p style=\"text-align: justify;\">Le minist\u00e8re a incit\u00e9 les apprenants \u00e0 adh\u00e9rer massivement \u00e0 la campagne de vaccination, afin de garantir la s\u00e9curit\u00e9 sanitaire de tous et la bonne continuit\u00e9 de leur parcours acad\u00e9mique.<\/p>\n<\/div>\n<p>L\u2019article <a rel=\"nofollow\" href=\"http:\/\/www.mapoujda.ma\/fr\/les-apprenants-de-18-ans-et-plus-appeles-a-se-faire-vacciner-des-le-16-aout\/\">Les apprenants de 18 ans et plus appel\u00e9s \u00e0 se faire vacciner d\u00e8s le 16 ao\u00fbt<\/a> est apparu en premier sur <a rel=\"nofollow\" href=\"http:\/\/www.mapoujda.ma\/fr\">MapOujda<\/a>.<\/p>\n<\/div>\n<p>Auteur: Soufiane ELAHMAR<br \/>\n<a href=\"http:\/\/www.mapoujda.ma\/fr\/les-apprenants-de-18-ans-et-plus-appeles-a-se-faire-vacciner-des-le-16-aout\/\">Cliquez ici pour lire l&rsquo;article depuis sa source.<\/a><\/p>\n","protected":false},"excerpt":{"rendered":"<p>Le minist\u00e8re de l\u2019\u00c9ducation nationale, de la formation professionnelle, de l\u2019enseignement sup\u00e9rieur et de la recherche scientifique a invit\u00e9 les \u00e9l\u00e8ves, \u00e9tudiants et stagiaires de 18 ans et plus \u00e0 se faire vacciner contre la Covid-19, d\u00e8s lundi prochain. Cet appel intervient\u00a0suite \u00e0 l\u2019\u00e9largissement de la campagne de vaccination anti Covid-19 aux jeunes de 18 [&hellip;]<\/p>\n","protected":false},"author":1788,"featured_media":0,"comment_status":"closed","ping_status":"closed","sticky":false,"template":"","format":"standard","meta":{"fifu_image_url":"http:\/\/www.mapoujda.ma\/map\/uploads\/2021\/01\/Si\u00e8ge-Minist\u00e8re-de-l\u2019\u00c9ducation-Nationale-750\u00d7430-MAP.jpg","fifu_image_alt":"Les apprenants de 18 ans et plus appel\u00e9s \u00e0 se faire vacciner d\u00e8s le 16 ao\u00fbt","footnotes":""},"categories":[54,76],"tags":[],"class_list":["post-124117","post","type-post","status-publish","format-standard","hentry","category-maroc","category-regions"],"_links":{"self":[{"href":"https:\/\/linitiative.ca\/International\/wp-json\/wp\/v2\/posts\/124117","targetHints":{"allow":["GET"]}}],"collection":[{"href":"https:\/\/linitiative.ca\/International\/wp-json\/wp\/v2\/posts"}],"about":[{"href":"https:\/\/linitiative.ca\/International\/wp-json\/wp\/v2\/types\/post"}],"author":[{"embeddable":true,"href":"https:\/\/linitiative.ca\/International\/wp-json\/wp\/v2\/users\/1788"}],"replies":[{"embeddable":true,"href":"https:\/\/linitiative.ca\/International\/wp-json\/wp\/v2\/comments?post=124117"}],"version-history":[{"count":0,"href":"https:\/\/linitiative.ca\/International\/wp-json\/wp\/v2\/posts\/124117\/revisions"}],"wp:attachment":[{"href":"https:\/\/linitiative.ca\/International\/wp-json\/wp\/v2\/media?parent=124117"}],"wp:term":[{"taxonomy":"category","embeddable":true,"href":"https:\/\/linitiative.ca\/International\/wp-json\/wp\/v2\/categories?post=124117"},{"taxonomy":"post_tag","embeddable":true,"href":"https:\/\/linitiative.ca\/International\/wp-json\/wp\/v2\/tags?post=124117"}],"curies":[{"name":"wp","href":"https:\/\/api.w.org\/{rel}","templated":true}]}}