{"id":124122,"date":"2021-08-14T11:29:09","date_gmt":"2021-08-14T15:29:09","guid":{"rendered":"https:\/\/linitiative.ca\/International\/dakhla-downwind-challenge-du-14-au-20-aout\/"},"modified":"2021-08-14T11:29:09","modified_gmt":"2021-08-14T15:29:09","slug":"dakhla-downwind-challenge-du-14-au-20-aout","status":"publish","type":"post","link":"https:\/\/linitiative.ca\/International\/dakhla-downwind-challenge-du-14-au-20-aout\/","title":{"rendered":"\u00ab Dakhla Downwind Challenge \u00bb, du 14 au 20 ao\u00fbt"},"content":{"rendered":"<div>\n<div class=\"field field-name-body field-type-text-with-summary field-label-hidden\">\n<div class=\"field-items\">\n<div class=\"field-item even\" property=\"content:encoded\">\n<p class=\"rtejustify\">La 6\u00e8me \u00e9dition de \u00ab\u00a0Dakhla Downwind Challenge\u00a0\u00bb, un \u00e9v\u00e8nement sportif qui consiste \u00e0 rejoindre Lagouira en kitesurf \u00e0 partir de Dakhla, aura lieu du 14 au 20 ao\u00fbt.<\/p>\n<\/div>\n<\/div>\n<\/div>\n<\/div>\n<p>Auteur: mbasraoui<br \/>\n<a href=\"https:\/\/www.leconomiste.com\/flash-infos\/dakhla-downwind-challenge-du-14-au-20-aout\">Cliquez ici pour lire l&rsquo;article depuis sa source.<\/a><\/p>\n","protected":false},"excerpt":{"rendered":"<p>La 6\u00e8me \u00e9dition de \u00ab\u00a0Dakhla Downwind Challenge\u00a0\u00bb, un \u00e9v\u00e8nement sportif qui consiste \u00e0 rejoindre Lagouira en kitesurf \u00e0 partir de Dakhla, aura lieu du 14 au 20 ao\u00fbt. Auteur: mbasraoui Cliquez ici pour lire l&rsquo;article depuis sa source.<\/p>\n","protected":false},"author":1763,"featured_media":0,"comment_status":"closed","ping_status":"closed","sticky":false,"template":"","format":"standard","meta":{"fifu_image_url":"","fifu_image_alt":"","footnotes":""},"categories":[78,54],"tags":[],"class_list":["post-124122","post","type-post","status-publish","format-standard","hentry","category-economie","category-maroc"],"_links":{"self":[{"href":"https:\/\/linitiative.ca\/International\/wp-json\/wp\/v2\/posts\/124122","targetHints":{"allow":["GET"]}}],"collection":[{"href":"https:\/\/linitiative.ca\/International\/wp-json\/wp\/v2\/posts"}],"about":[{"href":"https:\/\/linitiative.ca\/International\/wp-json\/wp\/v2\/types\/post"}],"author":[{"embeddable":true,"href":"https:\/\/linitiative.ca\/International\/wp-json\/wp\/v2\/users\/1763"}],"replies":[{"embeddable":true,"href":"https:\/\/linitiative.ca\/International\/wp-json\/wp\/v2\/comments?post=124122"}],"version-history":[{"count":0,"href":"https:\/\/linitiative.ca\/International\/wp-json\/wp\/v2\/posts\/124122\/revisions"}],"wp:attachment":[{"href":"https:\/\/linitiative.ca\/International\/wp-json\/wp\/v2\/media?parent=124122"}],"wp:term":[{"taxonomy":"category","embeddable":true,"href":"https:\/\/linitiative.ca\/International\/wp-json\/wp\/v2\/categories?post=124122"},{"taxonomy":"post_tag","embeddable":true,"href":"https:\/\/linitiative.ca\/International\/wp-json\/wp\/v2\/tags?post=124122"}],"curies":[{"name":"wp","href":"https:\/\/api.w.org\/{rel}","templated":true}]}}