{"id":124123,"date":"2021-08-14T12:08:22","date_gmt":"2021-08-14T16:08:22","guid":{"rendered":"https:\/\/linitiative.ca\/International\/covid-10-240-nouveaux-cas-110-deces\/"},"modified":"2021-08-14T12:08:22","modified_gmt":"2021-08-14T16:08:22","slug":"covid-10-240-nouveaux-cas-110-deces","status":"publish","type":"post","link":"https:\/\/linitiative.ca\/International\/covid-10-240-nouveaux-cas-110-deces\/","title":{"rendered":"Covid: 10 240 nouveaux cas, 110 d\u00e9c\u00e8s"},"content":{"rendered":"<div>\n<div class=\"field field-name-body field-type-text-with-summary field-label-hidden\">\n<div class=\"field-items\">\n<div class=\"field-item even\" property=\"content:encoded\">\n<p class=\"rtejustify\">Un total de 10 240<strong>\u00a0<\/strong>nouveaux cas d&rsquo;infection au coronavirus (Covid-19) et de <strong>8529\u00a0<\/strong>gu\u00e9risons a \u00e9t\u00e9 enregistr\u00e9 au Maroc au cours des derni\u00e8res 24 heures, a indiqu\u00e9 samedi le minist\u00e8re de la Sant\u00e9. Le nombre de primo-vaccin\u00e9s atteint 16 240 404, alors que celui des personnes compl\u00e8tement vaccin\u00e9es (1\u00e8re et 2\u00e8me doses) s&rsquo;\u00e9l\u00e8ve \u00e0<strong> <\/strong>11 389 655, a pr\u00e9cis\u00e9 le minist\u00e8re dans son bulletin quotidien sur la situation de Covid-19.<\/p>\n<\/div>\n<\/div>\n<\/div>\n<\/div>\n<p>Auteur: mbasraoui<br \/>\n<a href=\"https:\/\/www.leconomiste.com\/flash-infos\/covid-10-752-nouveaux-cas-112-deces\">Cliquez ici pour lire l&rsquo;article depuis sa source.<\/a><\/p>\n","protected":false},"excerpt":{"rendered":"<p>Un total de 10 240\u00a0nouveaux cas d&rsquo;infection au coronavirus (Covid-19) et de 8529\u00a0gu\u00e9risons a \u00e9t\u00e9 enregistr\u00e9 au Maroc au cours des derni\u00e8res 24 heures, a indiqu\u00e9 samedi le minist\u00e8re de la Sant\u00e9. Le nombre de primo-vaccin\u00e9s atteint 16 240 404, alors que celui des personnes compl\u00e8tement vaccin\u00e9es (1\u00e8re et 2\u00e8me doses) s&rsquo;\u00e9l\u00e8ve \u00e0 11 389 [&hellip;]<\/p>\n","protected":false},"author":1763,"featured_media":0,"comment_status":"closed","ping_status":"closed","sticky":false,"template":"","format":"standard","meta":{"fifu_image_url":"","fifu_image_alt":"","footnotes":""},"categories":[78,54],"tags":[],"class_list":["post-124123","post","type-post","status-publish","format-standard","hentry","category-economie","category-maroc"],"_links":{"self":[{"href":"https:\/\/linitiative.ca\/International\/wp-json\/wp\/v2\/posts\/124123","targetHints":{"allow":["GET"]}}],"collection":[{"href":"https:\/\/linitiative.ca\/International\/wp-json\/wp\/v2\/posts"}],"about":[{"href":"https:\/\/linitiative.ca\/International\/wp-json\/wp\/v2\/types\/post"}],"author":[{"embeddable":true,"href":"https:\/\/linitiative.ca\/International\/wp-json\/wp\/v2\/users\/1763"}],"replies":[{"embeddable":true,"href":"https:\/\/linitiative.ca\/International\/wp-json\/wp\/v2\/comments?post=124123"}],"version-history":[{"count":0,"href":"https:\/\/linitiative.ca\/International\/wp-json\/wp\/v2\/posts\/124123\/revisions"}],"wp:attachment":[{"href":"https:\/\/linitiative.ca\/International\/wp-json\/wp\/v2\/media?parent=124123"}],"wp:term":[{"taxonomy":"category","embeddable":true,"href":"https:\/\/linitiative.ca\/International\/wp-json\/wp\/v2\/categories?post=124123"},{"taxonomy":"post_tag","embeddable":true,"href":"https:\/\/linitiative.ca\/International\/wp-json\/wp\/v2\/tags?post=124123"}],"curies":[{"name":"wp","href":"https:\/\/api.w.org\/{rel}","templated":true}]}}