{"id":12413,"date":"2019-02-08T13:52:11","date_gmt":"2019-02-08T18:52:11","guid":{"rendered":"https:\/\/linitiative.ca\/International\/tunisie-khemiri-lannonce-de-lappartenance-dabou-iyadh-a-ennahdha-est-ridicule\/"},"modified":"2019-02-08T13:52:11","modified_gmt":"2019-02-08T18:52:11","slug":"tunisie-khemiri-lannonce-de-lappartenance-dabou-iyadh-a-ennahdha-est-ridicule","status":"publish","type":"post","link":"https:\/\/linitiative.ca\/International\/tunisie-khemiri-lannonce-de-lappartenance-dabou-iyadh-a-ennahdha-est-ridicule\/","title":{"rendered":"Tunisie \u2013 Khemiri\u00a0: L\u2019annonce de l\u2019appartenance d\u2019Abou Iyadh \u00e0 Ennahdha est ridicule"},"content":{"rendered":"<div class=\"post-cont-in left relative\">\n<div class=\"nc_socialPanel swp_flatFresh swp_d_fullColor swp_i_fullColor swp_o_fullColor scale-100 scale-fullWidth\" data-position=\"none\" data-float=\"floatNone\" data-count=\"5\" data-floatcolor=\"#ffffff\" data-emphasize=\"0\">\n<div class=\"nc_tweetContainer totes totesalt\" data-id=\"6\"><span class=\"swp_count\"><span class=\"swp_label\">Partages<\/span> 17<\/span><\/div>\n<\/div>\n<p>Le porte-parole d\u2019Ennahdha, Imed Khemiri a d\u00e9clar\u00e9 ce vendredi, que les d\u00e9clarations d\u2019un des membres du collectif de d\u00e9fense des martyrs Bela\u00efd et Brahmi, en rapport avec l\u2019appartenance d\u2019Abou Iyadh au mouvement Ennahdha \u00e9tait ridicule et comique.<\/p>\n<p>Il a ajout\u00e9 que le collectif de d\u00e9fense des martyrs travaille sous les ordres du front populaire qui s\u2019est \u00e9rig\u00e9 comme juge et partie dans cette affaire.<\/p>\n<div class=\"code-block code-block-1 c4\"><ins class=\"adsbygoogle c3\" data-ad-layout=\"in-article\" data-ad-format=\"fluid\" data-ad-client=\"ca-pub-2102118777505746\" data-ad-slot=\"7301775417\"\/> <\/div>\n<div class=\"mvp-org-wrap mvp-org-logo\" itemprop=\"publisher\" itemscope=\"\" itemtype=\"https:\/\/schema.org\/Organization\"><img decoding=\"async\" src=\"https:\/\/www.tunisienumerique.com\/wp-content\/uploads\/2017\/02\/logo_tunisie_numerique.png\"\/><\/div>\n<div class=\"nc_socialPanel swp_flatFresh swp_d_fullColor swp_i_fullColor swp_o_fullColor scale-100 scale-fullWidth\" data-position=\"none\" data-float=\"floatNone\" data-count=\"5\" data-floatcolor=\"#ffffff\" data-emphasize=\"0\">\n<div class=\"nc_tweetContainer totes totesalt\" data-id=\"6\"><span class=\"swp_count\"><span class=\"swp_label\">Partages<\/span> 17<\/span><\/div>\n<\/div>\n<div class=\"mvp-related-posts left relative\">\n<h4 class=\"post-header\"><span class=\"post-header\">Lire aussi<\/span><\/h4>\n<\/div>\n<\/div>\n","protected":false},"excerpt":{"rendered":"<p>Partages 17 Le porte-parole d\u2019Ennahdha, Imed Khemiri a d\u00e9clar\u00e9 ce vendredi, que les d\u00e9clarations d\u2019un des membres du collectif de d\u00e9fense des martyrs Bela\u00efd et Brahmi, en rapport avec l\u2019appartenance d\u2019Abou Iyadh au mouvement Ennahdha \u00e9tait ridicule et comique. Il a ajout\u00e9 que le collectif de d\u00e9fense des martyrs travaille sous les ordres du front [&hellip;]<\/p>\n","protected":false},"author":1789,"featured_media":12414,"comment_status":"closed","ping_status":"closed","sticky":false,"template":"","format":"standard","meta":{"fifu_image_url":"","fifu_image_alt":"","footnotes":""},"categories":[73,55],"tags":[],"class_list":["post-12413","post","type-post","status-publish","format-standard","has-post-thumbnail","hentry","category-actualite","category-tunisie"],"_links":{"self":[{"href":"https:\/\/linitiative.ca\/International\/wp-json\/wp\/v2\/posts\/12413","targetHints":{"allow":["GET"]}}],"collection":[{"href":"https:\/\/linitiative.ca\/International\/wp-json\/wp\/v2\/posts"}],"about":[{"href":"https:\/\/linitiative.ca\/International\/wp-json\/wp\/v2\/types\/post"}],"author":[{"embeddable":true,"href":"https:\/\/linitiative.ca\/International\/wp-json\/wp\/v2\/users\/1789"}],"replies":[{"embeddable":true,"href":"https:\/\/linitiative.ca\/International\/wp-json\/wp\/v2\/comments?post=12413"}],"version-history":[{"count":0,"href":"https:\/\/linitiative.ca\/International\/wp-json\/wp\/v2\/posts\/12413\/revisions"}],"wp:featuredmedia":[{"embeddable":true,"href":"https:\/\/linitiative.ca\/International\/wp-json\/"}],"wp:attachment":[{"href":"https:\/\/linitiative.ca\/International\/wp-json\/wp\/v2\/media?parent=12413"}],"wp:term":[{"taxonomy":"category","embeddable":true,"href":"https:\/\/linitiative.ca\/International\/wp-json\/wp\/v2\/categories?post=12413"},{"taxonomy":"post_tag","embeddable":true,"href":"https:\/\/linitiative.ca\/International\/wp-json\/wp\/v2\/tags?post=12413"}],"curies":[{"name":"wp","href":"https:\/\/api.w.org\/{rel}","templated":true}]}}