{"id":124131,"date":"2021-08-14T09:00:00","date_gmt":"2021-08-14T13:00:00","guid":{"rendered":"https:\/\/linitiative.ca\/International\/vigilance-internationale-sur-la-situation-en-tunisie\/"},"modified":"2021-08-14T09:00:00","modified_gmt":"2021-08-14T13:00:00","slug":"vigilance-internationale-sur-la-situation-en-tunisie","status":"publish","type":"post","link":"https:\/\/linitiative.ca\/International\/vigilance-internationale-sur-la-situation-en-tunisie\/","title":{"rendered":"Vigilance internationale sur la situation en Tunisie"},"content":{"rendered":"<div><img decoding=\"async\" src=\"https:\/\/linitiative.ca\/International\/wp-content\/uploads\/sites\/23\/2021\/08\/1628890491_article.jpg\" alt=\"Vigilance internationale sur la situation en Tunisie\" align=\"left\">D\u2019un seul coup, la Tunisie est revenue dans les radars des grandes puissances. La modulation des discours est pass\u00e9e de \u00absuivre avec attention l\u2019\u00e9volution de la situation\u00bb, \u00e0 des \u00abexhortations\u00bb de plus en plus pressantes, voire des mises en garde \u00e0 peine voil\u00e9es. Aux d\u00e9clarations publiques, feutr\u00e9es, se joignent des messages forts en coulisses.<br \/>\nWashington a \u00e9t\u00e9 le premier \u00e0 s\u2019exprimer sur les mesures prises : \u00abLa Tunisie doit capitaliser sur ses acquis d\u00e9mocratiques. Les \u00c9tats-Unis continueront \u00e0 soutenir la d\u00e9mocratie tunisienne.\u00bb Les appels t\u00e9l\u00e9phoniques entre le chef de la diplomatie am\u00e9ricaine Antony J. Blinken, puis le conseiller \u00e0 la s\u00e9curit\u00e9 nationale &#8230;<\/p>\n<\/div>\n<p>Auteur:<br \/>\n<a href=\"https:\/\/www.leaders.com.tn\/article\/32286-vigilance-internationale-sur-la-situation-en-tunisie\">Cliquez ici pour lire l&rsquo;article depuis sa source.<\/a><\/p>\n","protected":false},"excerpt":{"rendered":"<p>D\u2019un seul coup, la Tunisie est revenue dans les radars des grandes puissances. La modulation des discours est pass\u00e9e de \u00absuivre avec attention l\u2019\u00e9volution de la situation\u00bb, \u00e0 des \u00abexhortations\u00bb de plus en plus pressantes, voire des mises en garde \u00e0 peine voil\u00e9es. Aux d\u00e9clarations publiques, feutr\u00e9es, se joignent des messages forts en coulisses. Washington [&hellip;]<\/p>\n","protected":false},"author":1772,"featured_media":0,"comment_status":"closed","ping_status":"closed","sticky":false,"template":"","format":"standard","meta":{"fifu_image_url":"http:\/\/www.leaders.com.tn\/uploads\/content\/thumbnails_small\/1628890491_article.jpg","fifu_image_alt":"Vigilance internationale sur la situation en Tunisie","footnotes":""},"categories":[73,55],"tags":[],"class_list":["post-124131","post","type-post","status-publish","format-standard","hentry","category-actualite","category-tunisie"],"_links":{"self":[{"href":"https:\/\/linitiative.ca\/International\/wp-json\/wp\/v2\/posts\/124131","targetHints":{"allow":["GET"]}}],"collection":[{"href":"https:\/\/linitiative.ca\/International\/wp-json\/wp\/v2\/posts"}],"about":[{"href":"https:\/\/linitiative.ca\/International\/wp-json\/wp\/v2\/types\/post"}],"author":[{"embeddable":true,"href":"https:\/\/linitiative.ca\/International\/wp-json\/wp\/v2\/users\/1772"}],"replies":[{"embeddable":true,"href":"https:\/\/linitiative.ca\/International\/wp-json\/wp\/v2\/comments?post=124131"}],"version-history":[{"count":0,"href":"https:\/\/linitiative.ca\/International\/wp-json\/wp\/v2\/posts\/124131\/revisions"}],"wp:attachment":[{"href":"https:\/\/linitiative.ca\/International\/wp-json\/wp\/v2\/media?parent=124131"}],"wp:term":[{"taxonomy":"category","embeddable":true,"href":"https:\/\/linitiative.ca\/International\/wp-json\/wp\/v2\/categories?post=124131"},{"taxonomy":"post_tag","embeddable":true,"href":"https:\/\/linitiative.ca\/International\/wp-json\/wp\/v2\/tags?post=124131"}],"curies":[{"name":"wp","href":"https:\/\/api.w.org\/{rel}","templated":true}]}}