{"id":124139,"date":"2021-08-14T07:12:07","date_gmt":"2021-08-14T11:12:07","guid":{"rendered":"https:\/\/linitiative.ca\/International\/plf-2022-note-de-cadrage-entre-changement-et-continuite\/"},"modified":"2021-08-14T07:12:07","modified_gmt":"2021-08-14T11:12:07","slug":"plf-2022-note-de-cadrage-entre-changement-et-continuite","status":"publish","type":"post","link":"https:\/\/linitiative.ca\/International\/plf-2022-note-de-cadrage-entre-changement-et-continuite\/","title":{"rendered":"PLF 2022. Note de cadrage : entre changement et continuit\u00e9"},"content":{"rendered":"<div><img decoding=\"async\" width=\"798\" height=\"532\" src=\"https:\/\/linitiative.ca\/International\/wp-content\/uploads\/sites\/23\/2021\/08\/plf.jpg\" class=\"attachment-post-thumbnail size-post-thumbnail wp-post-image\" alt=\"\" loading=\"lazy\" srcset=\"https:\/\/linitiative.ca\/International\/wp-content\/uploads\/sites\/23\/2021\/08\/plf.jpg 798w, https:\/\/www.challenge.ma\/wp-content\/uploads\/2021\/08\/plf-300x200.jpg 300w, https:\/\/www.challenge.ma\/wp-content\/uploads\/2021\/08\/plf-768x512.jpg 768w, https:\/\/www.challenge.ma\/wp-content\/uploads\/2021\/08\/plf-360x240.jpg 360w, https:\/\/www.challenge.ma\/wp-content\/uploads\/2021\/08\/plf-750x500.jpg 750w\" sizes=\"auto, (max-width: 798px) 100vw, 798px\" itemprop=\"image\">L\u2019\u00e9laboration des projets de lois de finances est un processus continu. La \u00ab\u00a0machine Etat\u00a0\u00bb ne s\u2019arr\u00eate pas. Le contexte actuel est certes exceptionnel, aux niveaux national et international. La pand\u00e9mie due au Covid-19 dure depuis plus d\u2019un an et demi, \u00e0 peine frein\u00e9e par les campagnes de vaccination in\u00e9galement r\u00e9parties<\/div>\n<p>Auteur: Mohamed Amine<br \/>\n<a href=\"https:\/\/www.challenge.ma\/plf-2022-note-de-cadrage-entre-changement-et-continuite-195714\/\">Cliquez ici pour lire l&rsquo;article depuis sa source.<\/a><\/p>\n","protected":false},"excerpt":{"rendered":"<p>L\u2019\u00e9laboration des projets de lois de finances est un processus continu. La \u00ab\u00a0machine Etat\u00a0\u00bb ne s\u2019arr\u00eate pas. Le contexte actuel est certes exceptionnel, aux niveaux national et international. La pand\u00e9mie due au Covid-19 dure depuis plus d\u2019un an et demi, \u00e0 peine frein\u00e9e par les campagnes de vaccination in\u00e9galement r\u00e9parties Auteur: Mohamed Amine Cliquez ici [&hellip;]<\/p>\n","protected":false},"author":1787,"featured_media":0,"comment_status":"closed","ping_status":"closed","sticky":false,"template":"","format":"standard","meta":{"fifu_image_url":"https:\/\/www.challenge.ma\/wp-content\/uploads\/2021\/08\/plf.jpg","fifu_image_alt":"PLF 2022. Note de cadrage : entre changement et continuit\u00e9","footnotes":""},"categories":[78,54],"tags":[],"class_list":["post-124139","post","type-post","status-publish","format-standard","hentry","category-economie","category-maroc"],"_links":{"self":[{"href":"https:\/\/linitiative.ca\/International\/wp-json\/wp\/v2\/posts\/124139","targetHints":{"allow":["GET"]}}],"collection":[{"href":"https:\/\/linitiative.ca\/International\/wp-json\/wp\/v2\/posts"}],"about":[{"href":"https:\/\/linitiative.ca\/International\/wp-json\/wp\/v2\/types\/post"}],"author":[{"embeddable":true,"href":"https:\/\/linitiative.ca\/International\/wp-json\/wp\/v2\/users\/1787"}],"replies":[{"embeddable":true,"href":"https:\/\/linitiative.ca\/International\/wp-json\/wp\/v2\/comments?post=124139"}],"version-history":[{"count":0,"href":"https:\/\/linitiative.ca\/International\/wp-json\/wp\/v2\/posts\/124139\/revisions"}],"wp:attachment":[{"href":"https:\/\/linitiative.ca\/International\/wp-json\/wp\/v2\/media?parent=124139"}],"wp:term":[{"taxonomy":"category","embeddable":true,"href":"https:\/\/linitiative.ca\/International\/wp-json\/wp\/v2\/categories?post=124139"},{"taxonomy":"post_tag","embeddable":true,"href":"https:\/\/linitiative.ca\/International\/wp-json\/wp\/v2\/tags?post=124139"}],"curies":[{"name":"wp","href":"https:\/\/api.w.org\/{rel}","templated":true}]}}