{"id":124141,"date":"2021-08-14T10:54:24","date_gmt":"2021-08-14T14:54:24","guid":{"rendered":"https:\/\/linitiative.ca\/International\/covid-19-teste-positif-apres-la-premiere-dose-de-vaccin-que-faire\/"},"modified":"2021-08-14T10:54:24","modified_gmt":"2021-08-14T14:54:24","slug":"covid-19-teste-positif-apres-la-premiere-dose-de-vaccin-que-faire","status":"publish","type":"post","link":"https:\/\/linitiative.ca\/International\/covid-19-teste-positif-apres-la-premiere-dose-de-vaccin-que-faire\/","title":{"rendered":"Covid-19. Test\u00e9 positif apr\u00e8s la premi\u00e8re dose de vaccin, que faire?"},"content":{"rendered":"<div><img decoding=\"async\" width=\"1050\" height=\"590\" src=\"https:\/\/linitiative.ca\/International\/wp-content\/uploads\/sites\/23\/2021\/08\/variants-coronavirus-2.jpg\" class=\"attachment-post-thumbnail size-post-thumbnail wp-post-image\" alt=\"\" loading=\"lazy\" srcset=\"https:\/\/linitiative.ca\/International\/wp-content\/uploads\/sites\/23\/2021\/08\/variants-coronavirus-2.jpg 1050w, https:\/\/www.challenge.ma\/wp-content\/uploads\/2021\/08\/variants-coronavirus-2-300x169.jpg 300w, https:\/\/www.challenge.ma\/wp-content\/uploads\/2021\/08\/variants-coronavirus-2-1024x575.jpg 1024w, https:\/\/www.challenge.ma\/wp-content\/uploads\/2021\/08\/variants-coronavirus-2-768x432.jpg 768w, https:\/\/www.challenge.ma\/wp-content\/uploads\/2021\/08\/variants-coronavirus-2-360x202.jpg 360w, https:\/\/www.challenge.ma\/wp-content\/uploads\/2021\/08\/variants-coronavirus-2-750x421.jpg 750w\" sizes=\"auto, (max-width: 1050px) 100vw, 1050px\" itemprop=\"image\">La vaccination bat son plein dans le Royaume, totalisant au samedi 14 ao\u00fbt 16.240.404 primo-vaccin\u00e9s et 11.389.655 personnes compl\u00e8tement vaccin\u00e9es. Un rythme qui devrait aller crescendo sachant que le processus vaccinal s\u2019adressera sous peu \u00e0 une nouvelle tranche d\u2019\u00e2ge, \u00e0 savoir les 12 et 17 ans. Si la vaccination constitue<\/div>\n<p>Auteur: challenge<br \/>\n<a href=\"https:\/\/www.challenge.ma\/covid-19-teste-positif-apres-la-premiere-dose-de-vaccin-que-faire-195695\/\">Cliquez ici pour lire l&rsquo;article depuis sa source.<\/a><\/p>\n","protected":false},"excerpt":{"rendered":"<p>La vaccination bat son plein dans le Royaume, totalisant au samedi 14 ao\u00fbt 16.240.404 primo-vaccin\u00e9s et 11.389.655 personnes compl\u00e8tement vaccin\u00e9es. Un rythme qui devrait aller crescendo sachant que le processus vaccinal s\u2019adressera sous peu \u00e0 une nouvelle tranche d\u2019\u00e2ge, \u00e0 savoir les 12 et 17 ans. Si la vaccination constitue Auteur: challenge Cliquez ici pour [&hellip;]<\/p>\n","protected":false},"author":1787,"featured_media":0,"comment_status":"closed","ping_status":"closed","sticky":false,"template":"","format":"standard","meta":{"fifu_image_url":"https:\/\/www.challenge.ma\/wp-content\/uploads\/2021\/08\/variants-coronavirus-2.jpg","fifu_image_alt":"Covid-19. Test\u00e9 positif apr\u00e8s la premi\u00e8re dose de vaccin, que faire?","footnotes":""},"categories":[78,54],"tags":[],"class_list":["post-124141","post","type-post","status-publish","format-standard","hentry","category-economie","category-maroc"],"_links":{"self":[{"href":"https:\/\/linitiative.ca\/International\/wp-json\/wp\/v2\/posts\/124141","targetHints":{"allow":["GET"]}}],"collection":[{"href":"https:\/\/linitiative.ca\/International\/wp-json\/wp\/v2\/posts"}],"about":[{"href":"https:\/\/linitiative.ca\/International\/wp-json\/wp\/v2\/types\/post"}],"author":[{"embeddable":true,"href":"https:\/\/linitiative.ca\/International\/wp-json\/wp\/v2\/users\/1787"}],"replies":[{"embeddable":true,"href":"https:\/\/linitiative.ca\/International\/wp-json\/wp\/v2\/comments?post=124141"}],"version-history":[{"count":0,"href":"https:\/\/linitiative.ca\/International\/wp-json\/wp\/v2\/posts\/124141\/revisions"}],"wp:attachment":[{"href":"https:\/\/linitiative.ca\/International\/wp-json\/wp\/v2\/media?parent=124141"}],"wp:term":[{"taxonomy":"category","embeddable":true,"href":"https:\/\/linitiative.ca\/International\/wp-json\/wp\/v2\/categories?post=124141"},{"taxonomy":"post_tag","embeddable":true,"href":"https:\/\/linitiative.ca\/International\/wp-json\/wp\/v2\/tags?post=124141"}],"curies":[{"name":"wp","href":"https:\/\/api.w.org\/{rel}","templated":true}]}}