{"id":124143,"date":"2021-08-14T11:37:29","date_gmt":"2021-08-14T15:37:29","guid":{"rendered":"https:\/\/linitiative.ca\/International\/passeport-vaccinal-un-precieux-sesame-qui-devrait-alimenter-les-debats-au-sein-de-lentreprise\/"},"modified":"2021-08-14T11:37:29","modified_gmt":"2021-08-14T15:37:29","slug":"passeport-vaccinal-un-precieux-sesame-qui-devrait-alimenter-les-debats-au-sein-de-lentreprise","status":"publish","type":"post","link":"https:\/\/linitiative.ca\/International\/passeport-vaccinal-un-precieux-sesame-qui-devrait-alimenter-les-debats-au-sein-de-lentreprise\/","title":{"rendered":"Passeport vaccinal. Un pr\u00e9cieux s\u00e9same qui devrait alimenter les d\u00e9bats au sein de l\u2019entreprise"},"content":{"rendered":"<div><img decoding=\"async\" width=\"550\" height=\"366\" src=\"https:\/\/linitiative.ca\/International\/wp-content\/uploads\/sites\/23\/2021\/08\/Covid-quelle-gestion-entreprise-F-550-x-366.jpg\" class=\"attachment-post-thumbnail size-post-thumbnail wp-post-image\" alt=\"\" loading=\"lazy\" srcset=\"https:\/\/linitiative.ca\/International\/wp-content\/uploads\/sites\/23\/2021\/08\/Covid-quelle-gestion-entreprise-F-550-x-366.jpg 550w, https:\/\/www.challenge.ma\/wp-content\/uploads\/2021\/08\/Covid-quelle-gestion-entreprise-F-550-x-366-300x200.jpg 300w, https:\/\/www.challenge.ma\/wp-content\/uploads\/2021\/08\/Covid-quelle-gestion-entreprise-F-550-x-366-360x240.jpg 360w\" sizes=\"auto, (max-width: 550px) 100vw, 550px\" itemprop=\"image\">C\u2019est le sujet du moment qui alimente les conversations sur la toile\u00a0! En effet au sein de l\u2019entreprise, patrons et salari\u00e9s \u00e9voquent, chacun de leur point de vue, le fait de devoir pr\u00e9senter ces jours prochains un passeport vaccinal pour montrer patte blanche. Si les uns y voient une fa\u00e7on<\/div>\n<p>Auteur: challenge<br \/>\n<a href=\"https:\/\/www.challenge.ma\/passeport-vaccinal-un-precieux-sesame-qui-devrait-alimenter-les-debats-au-sein-de-lentreprise-195680\/\">Cliquez ici pour lire l&rsquo;article depuis sa source.<\/a><\/p>\n","protected":false},"excerpt":{"rendered":"<p>C\u2019est le sujet du moment qui alimente les conversations sur la toile\u00a0! En effet au sein de l\u2019entreprise, patrons et salari\u00e9s \u00e9voquent, chacun de leur point de vue, le fait de devoir pr\u00e9senter ces jours prochains un passeport vaccinal pour montrer patte blanche. Si les uns y voient une fa\u00e7on Auteur: challenge Cliquez ici pour [&hellip;]<\/p>\n","protected":false},"author":1787,"featured_media":0,"comment_status":"closed","ping_status":"closed","sticky":false,"template":"","format":"standard","meta":{"fifu_image_url":"https:\/\/www.challenge.ma\/wp-content\/uploads\/2021\/08\/Covid-quelle-gestion-entreprise-F-550-x-366.jpg","fifu_image_alt":"Passeport vaccinal. Un pr\u00e9cieux s\u00e9same qui devrait alimenter les d\u00e9bats au sein de l\u2019entreprise","footnotes":""},"categories":[78,54],"tags":[],"class_list":["post-124143","post","type-post","status-publish","format-standard","hentry","category-economie","category-maroc"],"_links":{"self":[{"href":"https:\/\/linitiative.ca\/International\/wp-json\/wp\/v2\/posts\/124143","targetHints":{"allow":["GET"]}}],"collection":[{"href":"https:\/\/linitiative.ca\/International\/wp-json\/wp\/v2\/posts"}],"about":[{"href":"https:\/\/linitiative.ca\/International\/wp-json\/wp\/v2\/types\/post"}],"author":[{"embeddable":true,"href":"https:\/\/linitiative.ca\/International\/wp-json\/wp\/v2\/users\/1787"}],"replies":[{"embeddable":true,"href":"https:\/\/linitiative.ca\/International\/wp-json\/wp\/v2\/comments?post=124143"}],"version-history":[{"count":0,"href":"https:\/\/linitiative.ca\/International\/wp-json\/wp\/v2\/posts\/124143\/revisions"}],"wp:attachment":[{"href":"https:\/\/linitiative.ca\/International\/wp-json\/wp\/v2\/media?parent=124143"}],"wp:term":[{"taxonomy":"category","embeddable":true,"href":"https:\/\/linitiative.ca\/International\/wp-json\/wp\/v2\/categories?post=124143"},{"taxonomy":"post_tag","embeddable":true,"href":"https:\/\/linitiative.ca\/International\/wp-json\/wp\/v2\/tags?post=124143"}],"curies":[{"name":"wp","href":"https:\/\/api.w.org\/{rel}","templated":true}]}}