{"id":124147,"date":"2021-08-14T15:28:16","date_gmt":"2021-08-14T19:28:16","guid":{"rendered":"https:\/\/linitiative.ca\/International\/jendouba-decouverte-dun-drone-dans-les-forets-de-fernana-la-protection-civile-clarifie\/"},"modified":"2021-08-14T15:28:16","modified_gmt":"2021-08-14T19:28:16","slug":"jendouba-decouverte-dun-drone-dans-les-forets-de-fernana-la-protection-civile-clarifie","status":"publish","type":"post","link":"https:\/\/linitiative.ca\/International\/jendouba-decouverte-dun-drone-dans-les-forets-de-fernana-la-protection-civile-clarifie\/","title":{"rendered":"Jendouba : D\u00e9couverte d\u2019un \u00ab drone \u00bb dans les for\u00eats de Fernana, la Protection Civile clarifie"},"content":{"rendered":"<div>\n<p>L\u2019\u00e9quipe d\u2019appui et de soutien tactique de l\u2019unit\u00e9 sp\u00e9ciale de la Protection Civile a effectu\u00e9 des patrouilles a\u00e9riennes, au cours desquelles elle a constat\u00e9 et inspect\u00e9 les zones br\u00fbl\u00e9es et d\u00e9cim\u00e9es. En outre, la Protection Civile de Jendouba a d\u00e9menti l\u2019information qui a circul\u00e9 sur les r\u00e9seaux sociaux, concernant la d\u00e9couverte d\u2019un \u00ab\u00a0drone\u00a0\u00bb qui a [\u2026]<\/p>\n<p>L\u2019article <a href=\"https:\/\/www.tunisienumerique.com\/jendouba-decouverte-dun-drone-dans-les-forets-de-fernana-la-protection-civile-clarifie\/\">Jendouba : D\u00e9couverte d\u2019un \u00ab drone \u00bb dans les for\u00eats de Fernana, la Protection Civile clarifie<\/a> est apparu en premier sur <a href=\"https:\/\/www.tunisienumerique.com\/\">Tunisie<\/a>.<\/p>\n<\/div>\n<p>Auteur: rania ben slimane<br \/>\n<a href=\"https:\/\/www.tunisienumerique.com\/jendouba-decouverte-dun-drone-dans-les-forets-de-fernana-la-protection-civile-clarifie\/\">Cliquez ici pour lire l&rsquo;article depuis sa source.<\/a><\/p>\n","protected":false},"excerpt":{"rendered":"<p>L\u2019\u00e9quipe d\u2019appui et de soutien tactique de l\u2019unit\u00e9 sp\u00e9ciale de la Protection Civile a effectu\u00e9 des patrouilles a\u00e9riennes, au cours desquelles elle a constat\u00e9 et inspect\u00e9 les zones br\u00fbl\u00e9es et d\u00e9cim\u00e9es. En outre, la Protection Civile de Jendouba a d\u00e9menti l\u2019information qui a circul\u00e9 sur les r\u00e9seaux sociaux, concernant la d\u00e9couverte d\u2019un \u00ab\u00a0drone\u00a0\u00bb qui a [&hellip;]<\/p>\n","protected":false},"author":1789,"featured_media":0,"comment_status":"closed","ping_status":"closed","sticky":false,"template":"","format":"standard","meta":{"fifu_image_url":"","fifu_image_alt":"","footnotes":""},"categories":[73,55],"tags":[],"class_list":["post-124147","post","type-post","status-publish","format-standard","hentry","category-actualite","category-tunisie"],"_links":{"self":[{"href":"https:\/\/linitiative.ca\/International\/wp-json\/wp\/v2\/posts\/124147","targetHints":{"allow":["GET"]}}],"collection":[{"href":"https:\/\/linitiative.ca\/International\/wp-json\/wp\/v2\/posts"}],"about":[{"href":"https:\/\/linitiative.ca\/International\/wp-json\/wp\/v2\/types\/post"}],"author":[{"embeddable":true,"href":"https:\/\/linitiative.ca\/International\/wp-json\/wp\/v2\/users\/1789"}],"replies":[{"embeddable":true,"href":"https:\/\/linitiative.ca\/International\/wp-json\/wp\/v2\/comments?post=124147"}],"version-history":[{"count":0,"href":"https:\/\/linitiative.ca\/International\/wp-json\/wp\/v2\/posts\/124147\/revisions"}],"wp:attachment":[{"href":"https:\/\/linitiative.ca\/International\/wp-json\/wp\/v2\/media?parent=124147"}],"wp:term":[{"taxonomy":"category","embeddable":true,"href":"https:\/\/linitiative.ca\/International\/wp-json\/wp\/v2\/categories?post=124147"},{"taxonomy":"post_tag","embeddable":true,"href":"https:\/\/linitiative.ca\/International\/wp-json\/wp\/v2\/tags?post=124147"}],"curies":[{"name":"wp","href":"https:\/\/api.w.org\/{rel}","templated":true}]}}