{"id":124149,"date":"2021-08-14T15:45:34","date_gmt":"2021-08-14T19:45:34","guid":{"rendered":"https:\/\/linitiative.ca\/International\/tunisie-vers-lassouplissement-des-mesures-sanitaires-de-prevention-du-covid\/"},"modified":"2021-08-14T15:45:34","modified_gmt":"2021-08-14T19:45:34","slug":"tunisie-vers-lassouplissement-des-mesures-sanitaires-de-prevention-du-covid","status":"publish","type":"post","link":"https:\/\/linitiative.ca\/International\/tunisie-vers-lassouplissement-des-mesures-sanitaires-de-prevention-du-covid\/","title":{"rendered":"Tunisie \u2013 Vers l\u2019assouplissement des mesures sanitaires de pr\u00e9vention du covid"},"content":{"rendered":"<div>\n<p>Le charg\u00e9 de g\u00e9rer le minist\u00e8re de la sant\u00e9, Ali Mrabet, a annonc\u00e9, ce samedi, lors de sa visite au gouvernorat de La Manouba, qu\u2019il est possible que le comit\u00e9 national de lutte contre le covid d\u00e9cide un assouplissement des mesures sanitaires de pr\u00e9vention de la maladie en vigueur. Et ce, suite \u00e0 l\u2019am\u00e9lioration de [\u2026]<\/p>\n<p>L\u2019article <a href=\"https:\/\/www.tunisienumerique.com\/tunisie-vers-lassouplissement-des-mesures-sanitaires-de-prevention-du-covid\/\">Tunisie \u2013 Vers l\u2019assouplissement des mesures sanitaires de pr\u00e9vention du covid<\/a> est apparu en premier sur <a href=\"https:\/\/www.tunisienumerique.com\/\">Tunisie<\/a>.<\/p>\n<\/div>\n<p>Auteur: LM<br \/>\n<a href=\"https:\/\/www.tunisienumerique.com\/tunisie-vers-lassouplissement-des-mesures-sanitaires-de-prevention-du-covid\/\">Cliquez ici pour lire l&rsquo;article depuis sa source.<\/a><\/p>\n","protected":false},"excerpt":{"rendered":"<p>Le charg\u00e9 de g\u00e9rer le minist\u00e8re de la sant\u00e9, Ali Mrabet, a annonc\u00e9, ce samedi, lors de sa visite au gouvernorat de La Manouba, qu\u2019il est possible que le comit\u00e9 national de lutte contre le covid d\u00e9cide un assouplissement des mesures sanitaires de pr\u00e9vention de la maladie en vigueur. Et ce, suite \u00e0 l\u2019am\u00e9lioration de [&hellip;]<\/p>\n","protected":false},"author":1789,"featured_media":0,"comment_status":"closed","ping_status":"closed","sticky":false,"template":"","format":"standard","meta":{"fifu_image_url":"","fifu_image_alt":"","footnotes":""},"categories":[73,55],"tags":[],"class_list":["post-124149","post","type-post","status-publish","format-standard","hentry","category-actualite","category-tunisie"],"_links":{"self":[{"href":"https:\/\/linitiative.ca\/International\/wp-json\/wp\/v2\/posts\/124149","targetHints":{"allow":["GET"]}}],"collection":[{"href":"https:\/\/linitiative.ca\/International\/wp-json\/wp\/v2\/posts"}],"about":[{"href":"https:\/\/linitiative.ca\/International\/wp-json\/wp\/v2\/types\/post"}],"author":[{"embeddable":true,"href":"https:\/\/linitiative.ca\/International\/wp-json\/wp\/v2\/users\/1789"}],"replies":[{"embeddable":true,"href":"https:\/\/linitiative.ca\/International\/wp-json\/wp\/v2\/comments?post=124149"}],"version-history":[{"count":0,"href":"https:\/\/linitiative.ca\/International\/wp-json\/wp\/v2\/posts\/124149\/revisions"}],"wp:attachment":[{"href":"https:\/\/linitiative.ca\/International\/wp-json\/wp\/v2\/media?parent=124149"}],"wp:term":[{"taxonomy":"category","embeddable":true,"href":"https:\/\/linitiative.ca\/International\/wp-json\/wp\/v2\/categories?post=124149"},{"taxonomy":"post_tag","embeddable":true,"href":"https:\/\/linitiative.ca\/International\/wp-json\/wp\/v2\/tags?post=124149"}],"curies":[{"name":"wp","href":"https:\/\/api.w.org\/{rel}","templated":true}]}}