{"id":124150,"date":"2021-08-14T16:47:59","date_gmt":"2021-08-14T20:47:59","guid":{"rendered":"https:\/\/linitiative.ca\/International\/tunisie-le-ministere-de-la-sante-reprend-le-maquillage-des-chiffres-de-lepidemie-du-covid\/"},"modified":"2021-08-14T16:47:59","modified_gmt":"2021-08-14T20:47:59","slug":"tunisie-le-ministere-de-la-sante-reprend-le-maquillage-des-chiffres-de-lepidemie-du-covid","status":"publish","type":"post","link":"https:\/\/linitiative.ca\/International\/tunisie-le-ministere-de-la-sante-reprend-le-maquillage-des-chiffres-de-lepidemie-du-covid\/","title":{"rendered":"Tunisie \u2013 Le minist\u00e8re de la sant\u00e9 reprend le maquillage des chiffres de l\u2019\u00e9pid\u00e9mie du covid"},"content":{"rendered":"<div>\n<p>On dirait que les autorit\u00e9s sanitaires veulent en finir au plus vite, avec l\u2019actuelle vague de l\u2019\u00e9pid\u00e9mie du covid. Le charg\u00e9 de la gestion du minist\u00e8re l\u2019a laiss\u00e9 entendre, ce samedi en annon\u00e7ant un prochain assouplissement des mesures restrictives, en rapport avec la pr\u00e9vention du covid 19. Il a avanc\u00e9 pour expliquer ses intentions, un [\u2026]<\/p>\n<p>L\u2019article <a href=\"https:\/\/www.tunisienumerique.com\/tunisie-le-ministere-de-la-sante-reprend-le-maquillage-des-chiffres-de-lepidemie-du-covid\/\">Tunisie \u2013 Le minist\u00e8re de la sant\u00e9 reprend le maquillage des chiffres de l\u2019\u00e9pid\u00e9mie du covid<\/a> est apparu en premier sur <a href=\"https:\/\/www.tunisienumerique.com\/\">Tunisie<\/a>.<\/p>\n<\/div>\n<p>Auteur: Saber .<br \/>\n<a href=\"https:\/\/www.tunisienumerique.com\/tunisie-le-ministere-de-la-sante-reprend-le-maquillage-des-chiffres-de-lepidemie-du-covid\/\">Cliquez ici pour lire l&rsquo;article depuis sa source.<\/a><\/p>\n","protected":false},"excerpt":{"rendered":"<p>On dirait que les autorit\u00e9s sanitaires veulent en finir au plus vite, avec l\u2019actuelle vague de l\u2019\u00e9pid\u00e9mie du covid. Le charg\u00e9 de la gestion du minist\u00e8re l\u2019a laiss\u00e9 entendre, ce samedi en annon\u00e7ant un prochain assouplissement des mesures restrictives, en rapport avec la pr\u00e9vention du covid 19. Il a avanc\u00e9 pour expliquer ses intentions, un [&hellip;]<\/p>\n","protected":false},"author":1789,"featured_media":0,"comment_status":"closed","ping_status":"closed","sticky":false,"template":"","format":"standard","meta":{"fifu_image_url":"","fifu_image_alt":"","footnotes":""},"categories":[73,55],"tags":[],"class_list":["post-124150","post","type-post","status-publish","format-standard","hentry","category-actualite","category-tunisie"],"_links":{"self":[{"href":"https:\/\/linitiative.ca\/International\/wp-json\/wp\/v2\/posts\/124150","targetHints":{"allow":["GET"]}}],"collection":[{"href":"https:\/\/linitiative.ca\/International\/wp-json\/wp\/v2\/posts"}],"about":[{"href":"https:\/\/linitiative.ca\/International\/wp-json\/wp\/v2\/types\/post"}],"author":[{"embeddable":true,"href":"https:\/\/linitiative.ca\/International\/wp-json\/wp\/v2\/users\/1789"}],"replies":[{"embeddable":true,"href":"https:\/\/linitiative.ca\/International\/wp-json\/wp\/v2\/comments?post=124150"}],"version-history":[{"count":0,"href":"https:\/\/linitiative.ca\/International\/wp-json\/wp\/v2\/posts\/124150\/revisions"}],"wp:attachment":[{"href":"https:\/\/linitiative.ca\/International\/wp-json\/wp\/v2\/media?parent=124150"}],"wp:term":[{"taxonomy":"category","embeddable":true,"href":"https:\/\/linitiative.ca\/International\/wp-json\/wp\/v2\/categories?post=124150"},{"taxonomy":"post_tag","embeddable":true,"href":"https:\/\/linitiative.ca\/International\/wp-json\/wp\/v2\/tags?post=124150"}],"curies":[{"name":"wp","href":"https:\/\/api.w.org\/{rel}","templated":true}]}}