{"id":124152,"date":"2021-08-13T18:18:02","date_gmt":"2021-08-13T22:18:02","guid":{"rendered":"https:\/\/linitiative.ca\/International\/maroc-nouveau-record-avec-112-deces-et-10-752-nouvelles-contaminations\/"},"modified":"2021-08-13T18:18:02","modified_gmt":"2021-08-13T22:18:02","slug":"maroc-nouveau-record-avec-112-deces-et-10-752-nouvelles-contaminations","status":"publish","type":"post","link":"https:\/\/linitiative.ca\/International\/maroc-nouveau-record-avec-112-deces-et-10-752-nouvelles-contaminations\/","title":{"rendered":"Maroc : Nouveau record avec 112 d\u00e9c\u00e8s et 10.752 nouvelles contaminations"},"content":{"rendered":"<div>\n<p><img loading=\"lazy\" decoding=\"async\" width=\"746\" height=\"380\" src=\"https:\/\/linitiative.ca\/International\/wp-content\/uploads\/sites\/23\/2021\/08\/16288930826677.jpg\" class=\"attachment-post-thumbnail size-post-thumbnail wp-post-image\" alt=\"\" srcset=\"https:\/\/linitiative.ca\/International\/wp-content\/uploads\/sites\/23\/2021\/08\/16288930826677.jpg 746w, https:\/\/www.journalducameroun.com\/wp-content\/uploads\/2021\/08\/16288930826677-300x153.jpg 300w, https:\/\/www.journalducameroun.com\/wp-content\/uploads\/2021\/08\/16288930826677-600x306.jpg 600w\" sizes=\"auto, (max-width: 746px) 100vw, 746px\"><\/p>\n<p>La pand\u00e9mie de la Covid-19 continue de faire des drames au Maroc. Pour la seule journ\u00e9e du vendredi, le Royaume a d\u00e9plor\u00e9 112 d\u00e9c\u00e8s et enregistr\u00e9 10.752 nouvelles contaminations. C&rsquo;est dire que le Maroc est en phase de mont\u00e9e exponentielle des cas infect\u00e9s par le virus.Selon le bulletin quotidien du minist\u00e8re de la Sant\u00e9, le bilan total des cas positifs est de 741.836 depuis le premier cas signal\u00e9 le 2 mars 2020.<\/p>\n<p>L&rsquo;incidence cumul\u00e9e est de 2033,4\/100.000 habitants, et celle de 24h est de 29,3\/100.000 habitants, pr\u00e9cise la m\u00eame source.<\/p>\n<p>Le nombre total de morts s&rsquo;\u00e9tablit \u00e0 10.823 depuis le premier d\u00e9c\u00e8s enregistr\u00e9 le 10 mars dernier, est-il indiqu\u00e9. Le taux de l\u00e9talit\u00e9 est de 1,5%.<\/p>\n<p>Le minist\u00e8re a par ailleurs fait \u00e9tat de 9.895 nouvelles r\u00e9missions enregistr\u00e9es en 24h. Le nombre total des personnes d\u00e9clar\u00e9es gu\u00e9ries s&rsquo;\u00e9tablit d\u00e9sormais \u00e0 649.429 avec un taux de r\u00e9mission de 87,5 %.<\/p>\n<p>De m\u00eame, le nombre de cas actifs s&rsquo;\u00e9l\u00e8ve \u00e0 81.584 parmi lesquels 1.967 sont admis dans les unit\u00e9s de r\u00e9animation et de soins intensifs, dont 357 nouveaux cas de 24 heures.<\/p>\n<p>Le nombre total des cas sous intubation s&rsquo;\u00e9tablit \u00e0 68 et des cas sous ventilation non invasive \u00e0 1121, a fait savoir le minist\u00e8re, alors que taux d&rsquo;occupation des lits de r\u00e9animation s&rsquo;\u00e9tablit \u00e0 46%.<\/p>\n<p>Pour ce qui est de la campagne de vaccination, un total de 16.192.313 personnes ont re\u00e7u, \u00e0 ce jour, la premi\u00e8re dose du vaccin contre la COVID-19, alors que 11.368.958 personnes se sont vu administrer la deuxi\u00e8me dose, souligne-t-on de m\u00eame source.<\/p>\n<p>La campagne de vaccination, lanc\u00e9e le 28 janvier dernier, est une op\u00e9ration gratuite pour l&rsquo;ensemble des citoyens avec comme objectif d&rsquo;immuniser 80% de la population, de r\u00e9duire puis \u00e9liminer les cas de contamination et de d\u00e9c\u00e8s dus \u00e0 l&rsquo;\u00e9pid\u00e9mie et de contenir la propagation du virus.<\/p>\n<p>Cet article <a rel=\"nofollow\" href=\"https:\/\/www.journalducameroun.com\/maroc-nouveau-record-avec-112-deces-et-10-752-nouvelles-contaminations\/\">Maroc : Nouveau record avec 112 d\u00e9c\u00e8s et 10.752 nouvelles contaminations<\/a> est apparu en premier sur <a rel=\"nofollow\" href=\"https:\/\/www.journalducameroun.com\/\">Journal du Cameroun<\/a>.<\/p>\n<\/div>\n<p>Auteur: APA News<br \/>\n<a href=\"https:\/\/www.journalducameroun.com\/maroc-nouveau-record-avec-112-deces-et-10-752-nouvelles-contaminations\/\">Cliquez ici pour lire l&rsquo;article depuis sa source.<\/a><\/p>\n","protected":false},"excerpt":{"rendered":"<p>La pand\u00e9mie de la Covid-19 continue de faire des drames au Maroc. Pour la seule journ\u00e9e du vendredi, le Royaume a d\u00e9plor\u00e9 112 d\u00e9c\u00e8s et enregistr\u00e9 10.752 nouvelles contaminations. C&rsquo;est dire que le Maroc est en phase de mont\u00e9e exponentielle des cas infect\u00e9s par le virus.Selon le bulletin quotidien du minist\u00e8re de la Sant\u00e9, le [&hellip;]<\/p>\n","protected":false},"author":1965,"featured_media":0,"comment_status":"closed","ping_status":"closed","sticky":false,"template":"","format":"standard","meta":{"fifu_image_url":"https:\/\/www.journalducameroun.com\/wp-content\/uploads\/2021\/08\/16288930826677.jpg","fifu_image_alt":"Maroc : Nouveau record avec 112 d\u00e9c\u00e8s et 10.752 nouvelles contaminations","footnotes":""},"categories":[73,82],"tags":[],"class_list":["post-124152","post","type-post","status-publish","format-standard","hentry","category-actualite","category-cameroun"],"_links":{"self":[{"href":"https:\/\/linitiative.ca\/International\/wp-json\/wp\/v2\/posts\/124152","targetHints":{"allow":["GET"]}}],"collection":[{"href":"https:\/\/linitiative.ca\/International\/wp-json\/wp\/v2\/posts"}],"about":[{"href":"https:\/\/linitiative.ca\/International\/wp-json\/wp\/v2\/types\/post"}],"author":[{"embeddable":true,"href":"https:\/\/linitiative.ca\/International\/wp-json\/wp\/v2\/users\/1965"}],"replies":[{"embeddable":true,"href":"https:\/\/linitiative.ca\/International\/wp-json\/wp\/v2\/comments?post=124152"}],"version-history":[{"count":0,"href":"https:\/\/linitiative.ca\/International\/wp-json\/wp\/v2\/posts\/124152\/revisions"}],"wp:attachment":[{"href":"https:\/\/linitiative.ca\/International\/wp-json\/wp\/v2\/media?parent=124152"}],"wp:term":[{"taxonomy":"category","embeddable":true,"href":"https:\/\/linitiative.ca\/International\/wp-json\/wp\/v2\/categories?post=124152"},{"taxonomy":"post_tag","embeddable":true,"href":"https:\/\/linitiative.ca\/International\/wp-json\/wp\/v2\/tags?post=124152"}],"curies":[{"name":"wp","href":"https:\/\/api.w.org\/{rel}","templated":true}]}}