{"id":124154,"date":"2021-08-13T18:18:02","date_gmt":"2021-08-13T22:18:02","guid":{"rendered":"https:\/\/linitiative.ca\/International\/maroc-le-plf-2022-se-focalise-sur-la-relance-de-leconomie-nationale\/"},"modified":"2021-08-13T18:18:02","modified_gmt":"2021-08-13T22:18:02","slug":"maroc-le-plf-2022-se-focalise-sur-la-relance-de-leconomie-nationale","status":"publish","type":"post","link":"https:\/\/linitiative.ca\/International\/maroc-le-plf-2022-se-focalise-sur-la-relance-de-leconomie-nationale\/","title":{"rendered":"Maroc: Le PLF-2022 se focalise sur la relance de l\u2019\u00e9conomie nationale"},"content":{"rendered":"<div>\n<p><img loading=\"lazy\" decoding=\"async\" width=\"290\" height=\"174\" src=\"https:\/\/linitiative.ca\/International\/wp-content\/uploads\/sites\/23\/2021\/08\/16288930822674.jpg\" class=\"attachment-post-thumbnail size-post-thumbnail wp-post-image\" alt=\"\"><\/p>\n<p>Le Projet de loi de finances au titre de l&rsquo;exercice 2022 (PLF-2022) a \u00e9rig\u00e9 parmi ses priorit\u00e9s la consolidation des bases de la relance de l&rsquo;\u00e9conomie nationale, selon la note de cadrage relative \u00e0 ce projet.Dans le cadre de cet objectif fix\u00e9, le gouvernement poursuivra ses efforts afin de redynamiser les secteurs productifs et am\u00e9liorer leur capacit\u00e9 \u00e0 cr\u00e9er des emplois et de la valeur ajout\u00e9e, \u00e0 travers la poursuite de la mise en \u0153uvre du Fonds Mohammed VI pour l&rsquo;investissement et le financement de projets dans le cadre du partenariat public-priv\u00e9 (PPP), indique la note du chef du gouvernement.<\/p>\n<p>En outre, l&rsquo;action du gouvernement portera sur l&rsquo;encouragement de l&rsquo;entrepreneuriat, en permettant aux entrepreneurs d&rsquo;exercer dans un cadre formel gr\u00e2ce \u00e0 un syst\u00e8me fiscal incitatif simplifi\u00e9 et la poursuite du programme \u00ab\u00a0Intelaka\u00a0\u00bb qui b\u00e9n\u00e9ficiera d&rsquo;une nouvelle dynamique dans le cadre de la coop\u00e9ration avec l&rsquo;ensemble des partenaires.<\/p>\n<p>Les tr\u00e8s petites, petites et moyennes entreprises (TPME), op\u00e9rant dans l&rsquo;export, notamment vers l&rsquo;Afrique, vont b\u00e9n\u00e9ficier du soutien \u00e0 travers le renforcement des m\u00e9canismes de la garantie pour assouplir leur acc\u00e8s au financement, ajoute la m\u00eame source.<\/p>\n<p>Dans la m\u00eame optique de cr\u00e9ation d&#8217;emploi et de la valeur ajout\u00e9e, le gouvernement \u0153uvrera en faveur de l&rsquo;am\u00e9lioration de l&rsquo;environnement des affaires, en poursuivant la mise en \u0153uvre de la politique nationale de l&rsquo;environnement des affaires couvrant la p\u00e9riode allant de 2021 \u00e0 2025.<\/p>\n<p>Pour d\u00e9velopper l&rsquo;\u00e9cosyst\u00e8me d&rsquo;accompagnement des entreprises, le gouvernement se penchera sur l&rsquo;adoption de la charte d&rsquo;investissement et la r\u00e9vision du cadre incitatif de l&rsquo;investissement pour encourager les entreprises \u00e0 rompre avec les pratiques renti\u00e8res et investir davantage dans des activit\u00e9s \u00e0 forte valeur ajout\u00e9e.<\/p>\n<p>Cela s&rsquo;inscrit en coh\u00e9rence avec les orientations du Nouveau mod\u00e8le de d\u00e9veloppement visant la modernisation du tissu \u00e9conomique actuel, via l&rsquo;int\u00e9gration davantage d&rsquo;activit\u00e9s dans le secteur formel et l&rsquo;augmentation de la valeur ajout\u00e9e locale, d&rsquo;une mani\u00e8re \u00e0 promouvoir le \u00ab\u00a0Made in Morocco\u00a0\u00bb.<\/p>\n<p>A cet \u00e9gard, le gouvernement accordera un int\u00e9r\u00eat particulier \u00e0 la mise en \u0153uvre de la loi-cadre relative \u00e0 la r\u00e9forme fiscale, afin d&rsquo;asseoir la justice fiscale, garantir l&rsquo;\u00e9quit\u00e9 et mobiliser les ressources fiscales pour financer les politiques publiques.<\/p>\n<p>La deuxi\u00e8me priorit\u00e9 du PLF-2022 consiste en la consolidation des m\u00e9canismes d&rsquo;int\u00e9gration et de d\u00e9veloppement de la g\u00e9n\u00e9ralisation de la protection sociale. Ainsi, l&rsquo;ann\u00e9e 2022 verra le lancement de la deuxi\u00e8me phase de la g\u00e9n\u00e9ralisation de l&rsquo;Assurance Maladie Obligatoire aux cat\u00e9gories vuln\u00e9rables b\u00e9n\u00e9ficiant actuellement du RAMED gr\u00e2ce \u00e0 la mobilisation de 8,4 milliards de dirhams (MMDH) dans le cadre du budget de l&rsquo;\u00c9tat.<\/p>\n<p>Pour assurer un cadre propice \u00e0 la g\u00e9n\u00e9ralisation des allocations familiales \u00e0 partir de 2023, le gouvernement s&rsquo;attellera \u00e0 l&rsquo;acc\u00e9l\u00e9ration de l&rsquo;activation du registre social unifi\u00e9 pour un meilleur ciblage ainsi que la r\u00e9forme progressive du syst\u00e8me de compensation pour d\u00e9gager des marges financi\u00e8res suppl\u00e9mentaires.<\/p>\n<p>L&rsquo;\u00e9galit\u00e9 des sexes et le renforcement de la participation des femmes dans les diff\u00e9rents domaines \u00e9conomiques et sociaux figurent parmi les priorit\u00e9s du gouvernement, eu \u00e9gard \u00e0 l&rsquo;importance de la r\u00e9duction des disparit\u00e9s entre hommes et femmes dans l&rsquo;am\u00e9lioration du produit int\u00e9rieur brut et la construction d&rsquo;une soci\u00e9t\u00e9 moderne et solidaire.<\/p>\n<p>Le renforcement du capital humain constitue \u00e9galement une des quatre priorit\u00e9s du PLF 2022 qui pr\u00e9conise la mise en place d&rsquo;un syst\u00e8me \u00e9ducatif et un syst\u00e8me de sant\u00e9 r\u00e9pondant \u00e0 la dynamique d\u00e9mographique et aux standards de qualit\u00e9 impos\u00e9s par les mutations technologiques et l&rsquo;importance grandissante de l&rsquo;\u00e9conomie de la connaissance.<\/p>\n<p>En ce qui concerne le secteur de la Sant\u00e9, le gouvernement se penchera sur le lancement d&rsquo;une r\u00e9forme profonde du syst\u00e8me national de Sant\u00e9, en vue d&rsquo;offrir \u00e0 tous les citoyens des services de sant\u00e9 de qualit\u00e9 conformes aux standards internationaux.<\/p>\n<p>Les efforts du gouvernement cibleront aussi la mise \u00e0 niveau de l&rsquo;offre de sant\u00e9, le renforcement des ressources humaines du secteur, la r\u00e9vision de la politique pharmaceutique et le soutien au produit local et la mise en place d&rsquo;une nouvelle gouvernance du syst\u00e8me de sant\u00e9.<\/p>\n<p>La quatri\u00e8me priorit\u00e9 du PLF-2022 consiste en la r\u00e9forme du secteur public et l&rsquo;am\u00e9lioration des m\u00e9canismes de gouvernance. Ainsi, le gouvernement se focalisera sur la finalisation et l&rsquo;acc\u00e9l\u00e9ration des grands chantiers de la r\u00e9forme de l&rsquo;Administration, qui s&rsquo;articulent, notamment, autour de la bonne gouvernance, la simplification des proc\u00e9dures, la digitalisation et l&rsquo;activation de la charte de la d\u00e9concentration administrative.<\/p>\n<p>Selon la note de cadrage adress\u00e9e aux d\u00e9partements minist\u00e9riels, le PLF-2022 table sur un taux de croissance de 3,2%, en se basant sur les priorit\u00e9s pr\u00e9cit\u00e9es et les donn\u00e9es de la conjoncture nationale et internationale en lien avec l&rsquo;\u00e9volution de la crise sanitaire, et compte tenu de l&rsquo;hypoth\u00e8se d&rsquo;un prix moyen de gaz butane de 450 dollars\/tonne et d&rsquo;une r\u00e9colte c\u00e9r\u00e9ali\u00e8re moyenne de 70 millions de quintaux.<\/p>\n<p>Cet article <a rel=\"nofollow\" href=\"https:\/\/www.journalducameroun.com\/maroc-le-plf-2022-se-focalise-sur-la-relance-de-leconomie-nationale\/\">Maroc: Le PLF-2022 se focalise sur la relance de l\u2019\u00e9conomie nationale<\/a> est apparu en premier sur <a rel=\"nofollow\" href=\"https:\/\/www.journalducameroun.com\/\">Journal du Cameroun<\/a>.<\/p>\n<\/div>\n<p>Auteur: APA News<br \/>\n<a href=\"https:\/\/www.journalducameroun.com\/maroc-le-plf-2022-se-focalise-sur-la-relance-de-leconomie-nationale\/\">Cliquez ici pour lire l&rsquo;article depuis sa source.<\/a><\/p>\n","protected":false},"excerpt":{"rendered":"<p>Le Projet de loi de finances au titre de l&rsquo;exercice 2022 (PLF-2022) a \u00e9rig\u00e9 parmi ses priorit\u00e9s la consolidation des bases de la relance de l&rsquo;\u00e9conomie nationale, selon la note de cadrage relative \u00e0 ce projet.Dans le cadre de cet objectif fix\u00e9, le gouvernement poursuivra ses efforts afin de redynamiser les secteurs productifs et am\u00e9liorer [&hellip;]<\/p>\n","protected":false},"author":1965,"featured_media":0,"comment_status":"closed","ping_status":"closed","sticky":false,"template":"","format":"standard","meta":{"fifu_image_url":"https:\/\/www.journalducameroun.com\/wp-content\/uploads\/2021\/08\/16288930822674.jpg","fifu_image_alt":"Maroc: Le PLF-2022 se focalise sur la relance de l\u2019\u00e9conomie nationale","footnotes":""},"categories":[73,82],"tags":[],"class_list":["post-124154","post","type-post","status-publish","format-standard","hentry","category-actualite","category-cameroun"],"_links":{"self":[{"href":"https:\/\/linitiative.ca\/International\/wp-json\/wp\/v2\/posts\/124154","targetHints":{"allow":["GET"]}}],"collection":[{"href":"https:\/\/linitiative.ca\/International\/wp-json\/wp\/v2\/posts"}],"about":[{"href":"https:\/\/linitiative.ca\/International\/wp-json\/wp\/v2\/types\/post"}],"author":[{"embeddable":true,"href":"https:\/\/linitiative.ca\/International\/wp-json\/wp\/v2\/users\/1965"}],"replies":[{"embeddable":true,"href":"https:\/\/linitiative.ca\/International\/wp-json\/wp\/v2\/comments?post=124154"}],"version-history":[{"count":0,"href":"https:\/\/linitiative.ca\/International\/wp-json\/wp\/v2\/posts\/124154\/revisions"}],"wp:attachment":[{"href":"https:\/\/linitiative.ca\/International\/wp-json\/wp\/v2\/media?parent=124154"}],"wp:term":[{"taxonomy":"category","embeddable":true,"href":"https:\/\/linitiative.ca\/International\/wp-json\/wp\/v2\/categories?post=124154"},{"taxonomy":"post_tag","embeddable":true,"href":"https:\/\/linitiative.ca\/International\/wp-json\/wp\/v2\/tags?post=124154"}],"curies":[{"name":"wp","href":"https:\/\/api.w.org\/{rel}","templated":true}]}}