{"id":124156,"date":"2021-08-13T21:18:02","date_gmt":"2021-08-14T01:18:02","guid":{"rendered":"https:\/\/linitiative.ca\/International\/covid-19-210-nouveaux-cas-et-4-deces-en-cote-divoire-vendredi\/"},"modified":"2021-08-13T21:18:02","modified_gmt":"2021-08-14T01:18:02","slug":"covid-19-210-nouveaux-cas-et-4-deces-en-cote-divoire-vendredi","status":"publish","type":"post","link":"https:\/\/linitiative.ca\/International\/covid-19-210-nouveaux-cas-et-4-deces-en-cote-divoire-vendredi\/","title":{"rendered":"Covid-19 : 210 nouveaux cas et 4 d\u00e9c\u00e8s en C\u00f4te d\u2019Ivoire, vendredi"},"content":{"rendered":"<div>\n<p><img loading=\"lazy\" decoding=\"async\" width=\"512\" height=\"341\" src=\"https:\/\/linitiative.ca\/International\/wp-content\/uploads\/sites\/23\/2021\/08\/16289038826930.jpg\" class=\"attachment-post-thumbnail size-post-thumbnail wp-post-image\" alt=\"\" srcset=\"https:\/\/linitiative.ca\/International\/wp-content\/uploads\/sites\/23\/2021\/08\/16289038826930.jpg 512w, https:\/\/www.journalducameroun.com\/wp-content\/uploads\/2021\/08\/16289038826930-300x200.jpg 300w\" sizes=\"auto, (max-width: 512px) 100vw, 512px\"><\/p>\n<p>Le minist\u00e8re ivoirien de la Sant\u00e9, de l&rsquo;hygi\u00e8ne publique et de la couverture maladie universelle a enregistr\u00e9, vendredi, 210 nouveaux cas de Covid-19 sur 4 445 \u00e9chantillons pr\u00e9lev\u00e9s, soit  4,7 % de cas positifs, 172 gu\u00e9ris et 4 d\u00e9c\u00e8s.<\/p>\n<p>A la date du 13 ao\u00fbt 2021, la C\u00f4te d&rsquo;Ivoire compte donc 52 136 cas confirm\u00e9s dont 50 804 personnes gu\u00e9ries, 358 d\u00e9c\u00e8s et 974 cas actifs. Le nombre total d&rsquo;\u00e9chantillons est de 831 123.<\/p>\n<p>Le 12 ao\u00fbt 2021, 11 781 doses de vaccins contre la Covid-19 ont \u00e9t\u00e9 administr\u00e9es soit un total de 1 206 541 doses administr\u00e9es.<\/p>\n<p>Le ministre de la Sant\u00e9, de l&rsquo;Hygi\u00e8ne publique et de la Couverture maladie universelle invite toutes les personnes de plus de 18 ans \u00e0 se faire vacciner dans les centres de vaccination, poursuit le texte, ajoutant que la vaccination contre la Covid-19 est gratuite et volontaire.<\/p>\n<p>Cet article <a rel=\"nofollow\" href=\"https:\/\/www.journalducameroun.com\/covid-19-210-nouveaux-cas-et-4-deces-en-cote-divoire-vendredi\/\">Covid-19 : 210 nouveaux cas et 4 d\u00e9c\u00e8s en C\u00f4te d\u2019Ivoire, vendredi<\/a> est apparu en premier sur <a rel=\"nofollow\" href=\"https:\/\/www.journalducameroun.com\/\">Journal du Cameroun<\/a>.<\/p>\n<\/div>\n<p>Auteur: APA News<br \/>\n<a href=\"https:\/\/www.journalducameroun.com\/covid-19-210-nouveaux-cas-et-4-deces-en-cote-divoire-vendredi\/\">Cliquez ici pour lire l&rsquo;article depuis sa source.<\/a><\/p>\n","protected":false},"excerpt":{"rendered":"<p>Le minist\u00e8re ivoirien de la Sant\u00e9, de l&rsquo;hygi\u00e8ne publique et de la couverture maladie universelle a enregistr\u00e9, vendredi, 210 nouveaux cas de Covid-19 sur 4 445 \u00e9chantillons pr\u00e9lev\u00e9s, soit 4,7 % de cas positifs, 172 gu\u00e9ris et 4 d\u00e9c\u00e8s. A la date du 13 ao\u00fbt 2021, la C\u00f4te d&rsquo;Ivoire compte donc 52 136 cas confirm\u00e9s [&hellip;]<\/p>\n","protected":false},"author":1965,"featured_media":0,"comment_status":"closed","ping_status":"closed","sticky":false,"template":"","format":"standard","meta":{"fifu_image_url":"https:\/\/www.journalducameroun.com\/wp-content\/uploads\/2021\/08\/16289038826930.jpg","fifu_image_alt":"Covid-19 : 210 nouveaux cas et 4 d\u00e9c\u00e8s en C\u00f4te d\u2019Ivoire, vendredi","footnotes":""},"categories":[73,82],"tags":[],"class_list":["post-124156","post","type-post","status-publish","format-standard","hentry","category-actualite","category-cameroun"],"_links":{"self":[{"href":"https:\/\/linitiative.ca\/International\/wp-json\/wp\/v2\/posts\/124156","targetHints":{"allow":["GET"]}}],"collection":[{"href":"https:\/\/linitiative.ca\/International\/wp-json\/wp\/v2\/posts"}],"about":[{"href":"https:\/\/linitiative.ca\/International\/wp-json\/wp\/v2\/types\/post"}],"author":[{"embeddable":true,"href":"https:\/\/linitiative.ca\/International\/wp-json\/wp\/v2\/users\/1965"}],"replies":[{"embeddable":true,"href":"https:\/\/linitiative.ca\/International\/wp-json\/wp\/v2\/comments?post=124156"}],"version-history":[{"count":0,"href":"https:\/\/linitiative.ca\/International\/wp-json\/wp\/v2\/posts\/124156\/revisions"}],"wp:attachment":[{"href":"https:\/\/linitiative.ca\/International\/wp-json\/wp\/v2\/media?parent=124156"}],"wp:term":[{"taxonomy":"category","embeddable":true,"href":"https:\/\/linitiative.ca\/International\/wp-json\/wp\/v2\/categories?post=124156"},{"taxonomy":"post_tag","embeddable":true,"href":"https:\/\/linitiative.ca\/International\/wp-json\/wp\/v2\/tags?post=124156"}],"curies":[{"name":"wp","href":"https:\/\/api.w.org\/{rel}","templated":true}]}}