{"id":124158,"date":"2021-08-13T21:18:02","date_gmt":"2021-08-14T01:18:02","guid":{"rendered":"https:\/\/linitiative.ca\/International\/le-zimbabween-moyo-sifundo-elu-a-abidjan-sg-de-lunion-panafricaine-des-postes\/"},"modified":"2021-08-13T21:18:02","modified_gmt":"2021-08-14T01:18:02","slug":"le-zimbabween-moyo-sifundo-elu-a-abidjan-sg-de-lunion-panafricaine-des-postes","status":"publish","type":"post","link":"https:\/\/linitiative.ca\/International\/le-zimbabween-moyo-sifundo-elu-a-abidjan-sg-de-lunion-panafricaine-des-postes\/","title":{"rendered":"Le Zimbabw\u00e9en Moyo Sifundo \u00e9lu \u00e0 Abidjan SG de l\u2019Union panafricaine des postes"},"content":{"rendered":"<div>\n<p><img loading=\"lazy\" decoding=\"async\" width=\"1040\" height=\"780\" src=\"https:\/\/linitiative.ca\/International\/wp-content\/uploads\/sites\/23\/2021\/08\/16289038839212.jpg\" class=\"attachment-post-thumbnail size-post-thumbnail wp-post-image\" alt=\"\" srcset=\"https:\/\/linitiative.ca\/International\/wp-content\/uploads\/sites\/23\/2021\/08\/16289038839212.jpg 1040w, https:\/\/www.journalducameroun.com\/wp-content\/uploads\/2021\/08\/16289038839212-300x225.jpg 300w, https:\/\/www.journalducameroun.com\/wp-content\/uploads\/2021\/08\/16289038839212-768x576.jpg 768w, https:\/\/www.journalducameroun.com\/wp-content\/uploads\/2021\/08\/16289038839212-1024x768.jpg 1024w, https:\/\/www.journalducameroun.com\/wp-content\/uploads\/2021\/08\/16289038839212-587x440.jpg 587w, https:\/\/www.journalducameroun.com\/wp-content\/uploads\/2021\/08\/16289038839212-600x450.jpg 600w\" sizes=\"auto, (max-width: 1040px) 100vw, 1040px\"><\/p>\n<p>Le Zimbabw\u00e9en Moyo Sifundo Chief a \u00e9t\u00e9 \u00e9lu vendredi \u00e0 Abidjan, secr\u00e9taire g\u00e9n\u00e9ral de l&rsquo;Union panafricaine des postes, en marge du 27\u00e8me Congr\u00e8s de l&rsquo;Union postale universelle (UPU).Le 27e Congr\u00e8s de l&rsquo;UPU, ouvert officiellement le 9 ao\u00fbt sur les bords de la lagune Ebri\u00e9, s&rsquo;ach\u00e8ve le 27 ao\u00fbt 2021. Il devrait consacrer le renouvellement des instances dirigeantes de l&rsquo;organisation.\u00a0<\/p>\n<p>Cette session se d\u00e9roule \u00e0 un moment o\u00f9 la plan\u00e8te fait face \u00e0 la pand\u00e9mie de Covid-19, qui a\u00a0impact\u00e9 le secteur postal et\u00a0perturb\u00e9 la cha\u00eene logistique avec des r\u00e9percussions sur les \u00e9changes internationaux.\u00a0<\/p>\n<p>L&rsquo;enjeu de ce congr\u00e8s est le d\u00e9veloppement du e-commerce et du digital dans le secteur postal. A l&rsquo;ouverture des travaux, le Premier ministre ivoirien Patrick Achi, a appel\u00e9 \u00e0 remodeler les politiques et strat\u00e9gies pour un renouveau \u00e9conomique.\u00a0<\/p>\n<p>La C\u00f4te d&rsquo;Ivoire est le deuxi\u00e8me pays africain \u00e0 accueillir un congr\u00e8s de l&rsquo;UPU. Et ce, 87 ans apr\u00e8s celui de l&rsquo;\u00c9gypte en 1934. Ces assises devraient permettre d&rsquo;arr\u00eater la strat\u00e9gie d&rsquo;Abidjan qui gouvernera les quatre prochaines ann\u00e9es.\u00a0<\/p>\n<p>Cet article <a rel=\"nofollow\" href=\"https:\/\/www.journalducameroun.com\/le-zimbabween-moyo-sifundo-elu-a-abidjan-sg-de-lunion-panafricaine-des-postes\/\">Le Zimbabw\u00e9en Moyo Sifundo \u00e9lu \u00e0 Abidjan SG de l\u2019Union panafricaine des postes<\/a> est apparu en premier sur <a rel=\"nofollow\" href=\"https:\/\/www.journalducameroun.com\/\">Journal du Cameroun<\/a>.<\/p>\n<\/div>\n<p>Auteur: APA News<br \/>\n<a href=\"https:\/\/www.journalducameroun.com\/le-zimbabween-moyo-sifundo-elu-a-abidjan-sg-de-lunion-panafricaine-des-postes\/\">Cliquez ici pour lire l&rsquo;article depuis sa source.<\/a><\/p>\n","protected":false},"excerpt":{"rendered":"<p>Le Zimbabw\u00e9en Moyo Sifundo Chief a \u00e9t\u00e9 \u00e9lu vendredi \u00e0 Abidjan, secr\u00e9taire g\u00e9n\u00e9ral de l&rsquo;Union panafricaine des postes, en marge du 27\u00e8me Congr\u00e8s de l&rsquo;Union postale universelle (UPU).Le 27e Congr\u00e8s de l&rsquo;UPU, ouvert officiellement le 9 ao\u00fbt sur les bords de la lagune Ebri\u00e9, s&rsquo;ach\u00e8ve le 27 ao\u00fbt 2021. Il devrait consacrer le renouvellement des [&hellip;]<\/p>\n","protected":false},"author":1965,"featured_media":0,"comment_status":"closed","ping_status":"closed","sticky":false,"template":"","format":"standard","meta":{"fifu_image_url":"https:\/\/www.journalducameroun.com\/wp-content\/uploads\/2021\/08\/16289038839212.jpg","fifu_image_alt":"Le Zimbabw\u00e9en Moyo Sifundo \u00e9lu \u00e0 Abidjan SG de l\u2019Union panafricaine des postes","footnotes":""},"categories":[73,82],"tags":[],"class_list":["post-124158","post","type-post","status-publish","format-standard","hentry","category-actualite","category-cameroun"],"_links":{"self":[{"href":"https:\/\/linitiative.ca\/International\/wp-json\/wp\/v2\/posts\/124158","targetHints":{"allow":["GET"]}}],"collection":[{"href":"https:\/\/linitiative.ca\/International\/wp-json\/wp\/v2\/posts"}],"about":[{"href":"https:\/\/linitiative.ca\/International\/wp-json\/wp\/v2\/types\/post"}],"author":[{"embeddable":true,"href":"https:\/\/linitiative.ca\/International\/wp-json\/wp\/v2\/users\/1965"}],"replies":[{"embeddable":true,"href":"https:\/\/linitiative.ca\/International\/wp-json\/wp\/v2\/comments?post=124158"}],"version-history":[{"count":0,"href":"https:\/\/linitiative.ca\/International\/wp-json\/wp\/v2\/posts\/124158\/revisions"}],"wp:attachment":[{"href":"https:\/\/linitiative.ca\/International\/wp-json\/wp\/v2\/media?parent=124158"}],"wp:term":[{"taxonomy":"category","embeddable":true,"href":"https:\/\/linitiative.ca\/International\/wp-json\/wp\/v2\/categories?post=124158"},{"taxonomy":"post_tag","embeddable":true,"href":"https:\/\/linitiative.ca\/International\/wp-json\/wp\/v2\/tags?post=124158"}],"curies":[{"name":"wp","href":"https:\/\/api.w.org\/{rel}","templated":true}]}}