{"id":124160,"date":"2021-08-14T05:18:01","date_gmt":"2021-08-14T09:18:01","guid":{"rendered":"https:\/\/linitiative.ca\/International\/politique-sante-et-economie-au-menu-de-la-presse-senegalaise\/"},"modified":"2021-08-14T05:18:01","modified_gmt":"2021-08-14T09:18:01","slug":"politique-sante-et-economie-au-menu-de-la-presse-senegalaise","status":"publish","type":"post","link":"https:\/\/linitiative.ca\/International\/politique-sante-et-economie-au-menu-de-la-presse-senegalaise\/","title":{"rendered":"Politique, sant\u00e9 et \u00e9conomie au menu de la presse s\u00e9n\u00e9galaise"},"content":{"rendered":"<div>\n<p><img loading=\"lazy\" decoding=\"async\" width=\"250\" height=\"200\" src=\"https:\/\/linitiative.ca\/International\/wp-content\/uploads\/sites\/23\/2021\/08\/16289326823700.jpg\" class=\"attachment-post-thumbnail size-post-thumbnail wp-post-image\" alt=\"\"><\/p>\n<p>L&rsquo;actualit\u00e9 politique aliment\u00e9e par divers sujets, la sant\u00e9 et l&rsquo;\u00e9conomie font la Une des quotidiens s\u00e9n\u00e9galais parvenus ce samedi \u00e0 APA.L&rsquo;Observateur consacre sa Une \u00e0 son entretien avec le d\u00e9put\u00e9 Mamadou Diop Decroix, coordonnateur du Front de r\u00e9sistance nationale (FRN, opposition) et note \u00ab la Javel Decroix \u00bb.<\/p>\n<p>En perspectives des \u00e9lections locales du 23 janvier 2022, Sud Quotidien s&rsquo;exclame : \u00ab Quand la caution divise ! \u00bb<\/p>\n<p>\u00ab En direction des \u00e9lections \u00e0 venir : Sonko annonce une grande coalition de l&rsquo;opposition\u2026Apr\u00e8s avoir phagocyt\u00e9 13 petits poucets \u00bb, titre Vox Populi.<\/p>\n<p>Parlant de cette fusion de la formation politique d&rsquo;Ousmane Sonko avec 14 partis et mouvements, le journal 24 Heures estime que \u00ab Pastef sort le grand jeu \u00bb.<\/p>\n<p>Cela fait dire \u00e0 L&rsquo;As que \u00ab Sonko se renforce et annonce une coalition aux locales \u00bb.<\/p>\n<p>\u00ab Sonko fait le requiem du pouvoir : En 2024, nous allons bouter Macky et son r\u00e9gime dehors \u00bb, rench\u00e9rit Walf Quotidien.<\/p>\n<p>\u00ab Magal de Touba et Covid-19 : Diakhat\u00e9 (Moustapha) sans masque \u00bb, titre Le Quotidien, dans lequel journal, l&rsquo;ex-pr\u00e9sident du groupe parlementaire Benno Bokk Yakaar (mouvance pr\u00e9sidentielle) affirme : \u00ab Ce qui a priv\u00e9 les musulmans d&rsquo;aller \u00e0 la Mecque doit les priver de tout rassemblement. Je ne prends pas part \u00e0 ce type de rassemblements \u00bb.<\/p>\n<p>Mais la r\u00e9ponse de Serigne Cheikh Abdou Lahad Mback\u00e9 ne se fait pas attendre : \u00ab Laissez les oiseaux de mauvais augure monologuer ! \u00bb<\/p>\n<p>Dans sa rubrique sant\u00e9, L&rsquo;As donne la parole au Dr Abdoulaye L\u00e8ye, endocrinologue, qui affirme que \u00ab les diab\u00e9tiques atteints de Covid-19 ne pr\u00e9sentent aucun sympt\u00f4me \u00bb.<\/p>\n<p>De son c\u00f4t\u00e9, le professeur Salif Sow, expert en maladies infectieuses, soutient que le pass sanitaire devrait \u00eatre appliqu\u00e9 au S\u00e9n\u00e9gal \u00bb.<\/p>\n<p>Pour EnQu\u00eate, la vaccination des personnes vivant avec la VIH et les diab\u00e9tiques est imp\u00e9rative.<\/p>\n<p>Pendant ce temps, Source A se focalise sur cette promesse du ministre de la Sant\u00e9 et de l&rsquo;Action sociale, Abdoulaye Diouf Sarr : \u00ab Tivaouane sera dot\u00e9 d&rsquo;un h\u00f4pital de niveau 2, avec des services de pointe \u00bb.<\/p>\n<p>\u00ab Carte sanitaire : Tivaouane sera dot\u00e9 d&rsquo;un h\u00f4pital de niveau 2 \u00bb, rench\u00e9rit Le Soleil.<\/p>\n<p>\u00ab Evacuation suppos\u00e9e par Macky Sall pour cause de Covid-19 : Pape Samba Mboup d\u00e9ment et menace de traduire Guy Marius Sagna en justice \u00bb, titre Les Echos.<\/p>\n<p>A propos du report de la finale de Miss S\u00e9n\u00e9gal \u00e0 cause de la Covid-19, ce journal informe que l&rsquo;organisatrice, \u00ab Amina Badiane a perdu plus de 200 millions (f cfa) \u00bb.<\/p>\n<p>\u00ab P\u00e9nurie de sucre sur le march\u00e9 : la Conf\u00e9d\u00e9ration nationale des travailleurs du S\u00e9n\u00e9gal (CNTS) demande des explications \u00e0 la Direction du commerce int\u00e9rieur (DCI) \u00bb, indique EnQu\u00eate.<\/p>\n<p>\u00ab Situation socio-\u00e9conomique du S\u00e9n\u00e9gal : la CNTS fait l&rsquo;\u00e9tat des lieux des violations de la libert\u00e9 syndicale et tire la sonnette d&rsquo;alarme. Elle interpelle l&rsquo;Etat sur la n\u00e9cessit\u00e9 de reprendre les choses en main \u00bb, \u00e9crit Vox Populi.<\/p>\n<p>Pour Walf Quotidien, d\u00e9plorant le co\u00fbt \u00e9lev\u00e9 de la vie, la CNTS tape du poing sur la table.<\/p>\n<p>L&rsquo;As s&rsquo;int\u00e9resse au transport et \u00e0 la livraison de marchandises et r\u00e9v\u00e8le que les deux-roues prennent le pouvoir \u00bb.<\/p>\n<p>\u00ab Avec le tiak-tiak, je gagne 20.000 f cfa ou plus par jour \u00bb, confie Doudou, \u00e0 c\u00f4t\u00e9 de Cheikh A. T. Samb qui ajoute : \u00ab Ces derni\u00e8res ann\u00e9es, il n&rsquo;y pas un secteur qui a cr\u00e9\u00e9 plus d&#8217;emplois que le tiak-tiak \u00bb.<\/p>\n<p>\u00ab Douche froide pour les f\u00eatards : Pas de f\u00e9ri\u00e9 le lendemain du 15 ao\u00fbt \u00bb, informe Vox Populi, s&rsquo;appuyant ainsi sur une circulaire du ministre du Travail.<\/p>\n<p>Cet article <a rel=\"nofollow\" href=\"https:\/\/www.journalducameroun.com\/politique-sante-et-economie-au-menu-de-la-presse-senegalaise\/\">Politique, sant\u00e9 et \u00e9conomie au menu de la presse s\u00e9n\u00e9galaise<\/a> est apparu en premier sur <a rel=\"nofollow\" href=\"https:\/\/www.journalducameroun.com\/\">Journal du Cameroun<\/a>.<\/p>\n<\/div>\n<p>Auteur: APA News<br \/>\n<a href=\"https:\/\/www.journalducameroun.com\/politique-sante-et-economie-au-menu-de-la-presse-senegalaise\/\">Cliquez ici pour lire l&rsquo;article depuis sa source.<\/a><\/p>\n","protected":false},"excerpt":{"rendered":"<p>L&rsquo;actualit\u00e9 politique aliment\u00e9e par divers sujets, la sant\u00e9 et l&rsquo;\u00e9conomie font la Une des quotidiens s\u00e9n\u00e9galais parvenus ce samedi \u00e0 APA.L&rsquo;Observateur consacre sa Une \u00e0 son entretien avec le d\u00e9put\u00e9 Mamadou Diop Decroix, coordonnateur du Front de r\u00e9sistance nationale (FRN, opposition) et note \u00ab la Javel Decroix \u00bb. En perspectives des \u00e9lections locales du 23 [&hellip;]<\/p>\n","protected":false},"author":1965,"featured_media":0,"comment_status":"closed","ping_status":"closed","sticky":false,"template":"","format":"standard","meta":{"fifu_image_url":"https:\/\/www.journalducameroun.com\/wp-content\/uploads\/2021\/08\/16289326823700.jpg","fifu_image_alt":"Politique, sant\u00e9 et \u00e9conomie au menu de la presse s\u00e9n\u00e9galaise","footnotes":""},"categories":[73,82],"tags":[],"class_list":["post-124160","post","type-post","status-publish","format-standard","hentry","category-actualite","category-cameroun"],"_links":{"self":[{"href":"https:\/\/linitiative.ca\/International\/wp-json\/wp\/v2\/posts\/124160","targetHints":{"allow":["GET"]}}],"collection":[{"href":"https:\/\/linitiative.ca\/International\/wp-json\/wp\/v2\/posts"}],"about":[{"href":"https:\/\/linitiative.ca\/International\/wp-json\/wp\/v2\/types\/post"}],"author":[{"embeddable":true,"href":"https:\/\/linitiative.ca\/International\/wp-json\/wp\/v2\/users\/1965"}],"replies":[{"embeddable":true,"href":"https:\/\/linitiative.ca\/International\/wp-json\/wp\/v2\/comments?post=124160"}],"version-history":[{"count":0,"href":"https:\/\/linitiative.ca\/International\/wp-json\/wp\/v2\/posts\/124160\/revisions"}],"wp:attachment":[{"href":"https:\/\/linitiative.ca\/International\/wp-json\/wp\/v2\/media?parent=124160"}],"wp:term":[{"taxonomy":"category","embeddable":true,"href":"https:\/\/linitiative.ca\/International\/wp-json\/wp\/v2\/categories?post=124160"},{"taxonomy":"post_tag","embeddable":true,"href":"https:\/\/linitiative.ca\/International\/wp-json\/wp\/v2\/tags?post=124160"}],"curies":[{"name":"wp","href":"https:\/\/api.w.org\/{rel}","templated":true}]}}