{"id":124162,"date":"2021-08-14T11:05:55","date_gmt":"2021-08-14T15:05:55","guid":{"rendered":"https:\/\/linitiative.ca\/International\/enseignement-superieur-luniversite-de-maroua-adopte-ses-comptes-2020\/"},"modified":"2021-08-14T11:05:55","modified_gmt":"2021-08-14T15:05:55","slug":"enseignement-superieur-luniversite-de-maroua-adopte-ses-comptes-2020","status":"publish","type":"post","link":"https:\/\/linitiative.ca\/International\/enseignement-superieur-luniversite-de-maroua-adopte-ses-comptes-2020\/","title":{"rendered":"Enseignement sup\u00e9rieur : l\u2019Universit\u00e9 de Maroua adopte ses comptes 2020"},"content":{"rendered":"<div>\n<p>Les travaux de la 25<sup>e<\/sup>\u00a0session ordinaire du conseil d\u2019administration de l\u2019Universit\u00e9 de Maroua se sont tenus le 23 juillet 2021 au sein du campus universitaire. Pr\u00e9sid\u00e9e Aboubakary Sarky, cette rencontre \u00e0 laquelle prenaient part les administrateurs de cette institution universitaire, a permis d\u2019adopter les comptes pour l\u2019exercice 2020, clos au 31 d\u00e9cembre. Arr\u00eat\u00e9 \u00e0 7 milliards de FCFA, le budget 2020 a \u00e9t\u00e9 ex\u00e9cut\u00e9 \u00e0 hauteur de 82,73%.<\/p>\n<p><strong>Lire aussi<\/strong> : <strong><a href=\"https:\/\/ecomatin.net\/covid-19-les-universites-se-mettent-a-la-production-de-gels-hydro-alcooliques\/\">Covid-19 : les universit\u00e9s se mettent \u00e0 la production de gels hydro-alcooliques<\/a><\/strong><\/p>\n<p>Par ailleurs, r\u00e9v\u00e8le le journal Cameroon Business Today dans son \u00e9dition du 11 ao\u00fbt 2021, les comptes administratifs qui n\u2019avaient pas \u00e9t\u00e9 adopt\u00e9s en 2018, c\u2019\u00e9tait donc au \u00a0profit du contr\u00f4leur financier de l\u2019acad\u00e9mie de Maroua de pr\u00e9senter son rapport. Pour ces m\u00eames raisons, le conseil a par la suite \u00e0 l\u2019unanimit\u00e9 adopt\u00e9 le compte administratif et de gestion de l\u2019exercice 2018 et le collectif budg\u00e9taire 2021.<\/p>\n<p><strong>Lire aussi<\/strong> : <strong><a href=\"https:\/\/ecomatin.net\/discorde-entre-le-pca-et-le-recteur-de-luniversite-de-maroua-sur-ladoption-des-comptes-2018\/\">Universit\u00e9 de Maroua: le PCA et le recteur \u00e0 couteaux tir\u00e9s<\/a><\/strong><\/p>\n<p>Pour cl\u00f4turer, le recteur de l\u2019universit\u00e9 de Maroua a pris la parole pour pr\u00e9senter les nouveaux administrateurs s\u00e9ance tenante. Il s\u2019agit du Pr Jean Paul Mbia, nomm\u00e9 conseiller technique n\u00b01 au minist\u00e8re de l\u2019enseignement sup\u00e9rieur\u00a0 par d\u00e9cret du premier ministre le 1<sup>er<\/sup>\u00a0juin 2021 et install\u00e9 le vendredi 18 juin 2021 a l\u2019\u00e9cole nationale sup\u00e9rieure polytechnique de Yaound\u00e9. Sa majest\u00e9 Boubakary Yerima \u00a0bouba Allioum, lamido de Maroua et conseill\u00e9 r\u00e9gional a \u00e9t\u00e9 pr\u00e9sent\u00e9 par la suite.<\/p>\n<p><strong>Fleure Aboun (Stagiaire)<\/strong><\/p>\n<p>L\u2019article <a rel=\"nofollow\" href=\"https:\/\/ecomatin.net\/enseignement-superieur-luniversite-de-maroua-adopte-ses-comptes-2020\/\">Enseignement sup\u00e9rieur : l\u2019Universit\u00e9 de Maroua adopte ses comptes 2020<\/a> est apparu en premier sur <a rel=\"nofollow\" href=\"https:\/\/ecomatin.net\/\">EcoMatin<\/a>.<\/p>\n<\/div>\n<p>Auteur: EcoMatin<br \/>\n<a href=\"https:\/\/ecomatin.net\/enseignement-superieur-luniversite-de-maroua-adopte-ses-comptes-2020\/\">Cliquez ici pour lire l&rsquo;article depuis sa source.<\/a><\/p>\n","protected":false},"excerpt":{"rendered":"<p>Les travaux de la 25e\u00a0session ordinaire du conseil d\u2019administration de l\u2019Universit\u00e9 de Maroua se sont tenus le 23 juillet 2021 au sein du campus universitaire. Pr\u00e9sid\u00e9e Aboubakary Sarky, cette rencontre \u00e0 laquelle prenaient part les administrateurs de cette institution universitaire, a permis d\u2019adopter les comptes pour l\u2019exercice 2020, clos au 31 d\u00e9cembre. Arr\u00eat\u00e9 \u00e0 7 [&hellip;]<\/p>\n","protected":false},"author":1969,"featured_media":0,"comment_status":"closed","ping_status":"closed","sticky":false,"template":"","format":"standard","meta":{"fifu_image_url":"","fifu_image_alt":"","footnotes":""},"categories":[82,78],"tags":[],"class_list":["post-124162","post","type-post","status-publish","format-standard","hentry","category-cameroun","category-economie"],"_links":{"self":[{"href":"https:\/\/linitiative.ca\/International\/wp-json\/wp\/v2\/posts\/124162","targetHints":{"allow":["GET"]}}],"collection":[{"href":"https:\/\/linitiative.ca\/International\/wp-json\/wp\/v2\/posts"}],"about":[{"href":"https:\/\/linitiative.ca\/International\/wp-json\/wp\/v2\/types\/post"}],"author":[{"embeddable":true,"href":"https:\/\/linitiative.ca\/International\/wp-json\/wp\/v2\/users\/1969"}],"replies":[{"embeddable":true,"href":"https:\/\/linitiative.ca\/International\/wp-json\/wp\/v2\/comments?post=124162"}],"version-history":[{"count":0,"href":"https:\/\/linitiative.ca\/International\/wp-json\/wp\/v2\/posts\/124162\/revisions"}],"wp:attachment":[{"href":"https:\/\/linitiative.ca\/International\/wp-json\/wp\/v2\/media?parent=124162"}],"wp:term":[{"taxonomy":"category","embeddable":true,"href":"https:\/\/linitiative.ca\/International\/wp-json\/wp\/v2\/categories?post=124162"},{"taxonomy":"post_tag","embeddable":true,"href":"https:\/\/linitiative.ca\/International\/wp-json\/wp\/v2\/tags?post=124162"}],"curies":[{"name":"wp","href":"https:\/\/api.w.org\/{rel}","templated":true}]}}