{"id":124173,"date":"2021-08-14T14:00:41","date_gmt":"2021-08-14T18:00:41","guid":{"rendered":"https:\/\/linitiative.ca\/International\/boujdour-arrestation-de-deux-voleurs-avec-effraction-dans-deux-agences\/"},"modified":"2021-08-14T14:00:41","modified_gmt":"2021-08-14T18:00:41","slug":"boujdour-arrestation-de-deux-voleurs-avec-effraction-dans-deux-agences","status":"publish","type":"post","link":"https:\/\/linitiative.ca\/International\/boujdour-arrestation-de-deux-voleurs-avec-effraction-dans-deux-agences\/","title":{"rendered":"Boujdour : Arrestation de deux voleurs avec effraction dans deux agences"},"content":{"rendered":"<div>\n<p><img decoding=\"async\" width=\"300\" height=\"153\" src=\"https:\/\/linitiative.ca\/International\/wp-content\/uploads\/sites\/23\/2021\/08\/Arrestation-Police-300x153-1.jpg\" class=\"attachment-medium size-medium wp-post-image\" alt=\"\" loading=\"lazy\" srcset=\"\/\/aujourdhui.ma\/wp-content\/uploads\/2020\/02\/Arrestation-Police-300x153.jpg 300w, \/\/aujourdhui.ma\/wp-content\/uploads\/2020\/02\/Arrestation-Police.jpg 746w\" sizes=\"auto, (max-width: 300px) 100vw, 300px\"><\/p>\n<p><span style=\"color: #800000;\"><strong>A Boujdour, deux jeunes repris de justice, \u00e2g\u00e9s respectivement de dix-neuf et trente-et-un ans, impliqu\u00e9s dans une affaire de vol par effraction perp\u00e9tr\u00e9 dans une agence de transfert d\u2019argent et d\u2019une agence de transport de voyageurs et de messagerie, ont \u00e9t\u00e9 arr\u00eat\u00e9s, mercredi dernier, par les \u00e9l\u00e9ments de la police judiciaire, apprend-on d\u2019un communiqu\u00e9 rendu public par les services de la s\u00fbret\u00e9 de la ville.<\/strong><\/span><\/p>\n<p><span id=\"more-384029\"><\/span><\/p>\n<p>Ayant \u00e9t\u00e9 inform\u00e9s, le mardi dernier, que les deux agences \u00e9taient la cible d\u2019un vol par effraction et la disparition d\u2019un petit coffre-fort, les limiers de la ville ont entam\u00e9 les investigations sold\u00e9es par l\u2019identification de l\u2019auteur principal des deux op\u00e9rations et son arrestation ainsi que la saisie du coffrefort. Soumis aux interrogatoires, ce mis en cause a r\u00e9v\u00e9l\u00e9 l\u2019identit\u00e9 de son complice. Ce dernier a \u00e9t\u00e9 arr\u00eat\u00e9. Une fouille corporelle a permis aux enqu\u00eateurs de trouver dans ses poches une quantit\u00e9 de haschich.<\/p>\n<\/div>\n<p>Auteur: Abderrafii ALOUMLIKI<br \/>\n<a href=\"https:\/\/aujourdhui.ma\/faits-divers\/boujdour-arrestation-de-deux-voleurs-avec-effraction-dans-deux-agences\">Cliquez ici pour lire l&rsquo;article depuis sa source.<\/a><\/p>\n","protected":false},"excerpt":{"rendered":"<p>A Boujdour, deux jeunes repris de justice, \u00e2g\u00e9s respectivement de dix-neuf et trente-et-un ans, impliqu\u00e9s dans une affaire de vol par effraction perp\u00e9tr\u00e9 dans une agence de transfert d\u2019argent et d\u2019une agence de transport de voyageurs et de messagerie, ont \u00e9t\u00e9 arr\u00eat\u00e9s, mercredi dernier, par les \u00e9l\u00e9ments de la police judiciaire, apprend-on d\u2019un communiqu\u00e9 rendu [&hellip;]<\/p>\n","protected":false},"author":1759,"featured_media":0,"comment_status":"closed","ping_status":"closed","sticky":false,"template":"","format":"standard","meta":{"fifu_image_url":"https:\/\/aujourdhui.ma\/wp-content\/uploads\/2020\/02\/Arrestation-Police-300x153.jpg","fifu_image_alt":"Boujdour : Arrestation de deux voleurs avec effraction dans deux agences","footnotes":""},"categories":[73,54],"tags":[],"class_list":["post-124173","post","type-post","status-publish","format-standard","hentry","category-actualite","category-maroc"],"_links":{"self":[{"href":"https:\/\/linitiative.ca\/International\/wp-json\/wp\/v2\/posts\/124173","targetHints":{"allow":["GET"]}}],"collection":[{"href":"https:\/\/linitiative.ca\/International\/wp-json\/wp\/v2\/posts"}],"about":[{"href":"https:\/\/linitiative.ca\/International\/wp-json\/wp\/v2\/types\/post"}],"author":[{"embeddable":true,"href":"https:\/\/linitiative.ca\/International\/wp-json\/wp\/v2\/users\/1759"}],"replies":[{"embeddable":true,"href":"https:\/\/linitiative.ca\/International\/wp-json\/wp\/v2\/comments?post=124173"}],"version-history":[{"count":0,"href":"https:\/\/linitiative.ca\/International\/wp-json\/wp\/v2\/posts\/124173\/revisions"}],"wp:attachment":[{"href":"https:\/\/linitiative.ca\/International\/wp-json\/wp\/v2\/media?parent=124173"}],"wp:term":[{"taxonomy":"category","embeddable":true,"href":"https:\/\/linitiative.ca\/International\/wp-json\/wp\/v2\/categories?post=124173"},{"taxonomy":"post_tag","embeddable":true,"href":"https:\/\/linitiative.ca\/International\/wp-json\/wp\/v2\/tags?post=124173"}],"curies":[{"name":"wp","href":"https:\/\/api.w.org\/{rel}","templated":true}]}}