{"id":124175,"date":"2021-08-14T16:00:40","date_gmt":"2021-08-14T20:00:40","guid":{"rendered":"https:\/\/linitiative.ca\/International\/guelmim-un-soudeur-tente-dabuser-dun-enfant-de-6-ans\/"},"modified":"2021-08-14T16:00:40","modified_gmt":"2021-08-14T20:00:40","slug":"guelmim-un-soudeur-tente-dabuser-dun-enfant-de-6-ans","status":"publish","type":"post","link":"https:\/\/linitiative.ca\/International\/guelmim-un-soudeur-tente-dabuser-dun-enfant-de-6-ans\/","title":{"rendered":"Guelmim : Un soudeur tente d\u2019abuser d\u2019un enfant de 6 ans"},"content":{"rendered":"<div>\n<p><img decoding=\"async\" width=\"300\" height=\"153\" src=\"https:\/\/linitiative.ca\/International\/wp-content\/uploads\/sites\/23\/2021\/08\/Enfant-pedophile-abuser-Maroc-1-1.jpg\" class=\"attachment-medium size-medium wp-post-image\" alt=\"\" loading=\"lazy\"><\/p>\n<p><span style=\"color: #800000;\"><strong>A Guelmim, un soudeur impliqu\u00e9 dans une affaire de p\u00e9dophilie a \u00e9t\u00e9 arr\u00eat\u00e9 par les \u00e9l\u00e9ments de la police judiciaire et a \u00e9t\u00e9 traduit devant le parquet g\u00e9n\u00e9ral pr\u00e8s la Cour d\u2019appel de la ville.<\/strong><\/span><span id=\"more-384031\"><\/span><\/p>\n<p>Il s\u2019agit d\u2019un quadrag\u00e9naire qui a conduit un enfant de six ans \u00e0 l\u2019int\u00e9rieur de son local situ\u00e9 en ancienne m\u00e9dina de la ville de Guelmim. Mais d\u00e8s qu\u2019il a tent\u00e9 d\u2019abuser de lui, l\u2019enfant a commenc\u00e9 \u00e0 crier et \u00e0 demander secours. Plusieurs jeunes hommes sont intervenus pour sauver l\u2019enfant des griffes de ce p\u00e9dophile et ont alert\u00e9 la police qui s\u2019est d\u00e9p\u00each\u00e9e sur les lieux. Ayant avou\u00e9 son crime de tentative d\u2019attentat \u00e0 la pudeur sur un mineur, il a \u00e9t\u00e9 maintenu en d\u00e9tention pr\u00e9ventive.<\/p>\n<\/div>\n<p>Auteur: Abderrafii ALOUMLIKI<br \/>\n<a href=\"https:\/\/aujourdhui.ma\/faits-divers\/guelmim-un-soudeur-tente-dabuser-dun-enfant-de-6-ans\">Cliquez ici pour lire l&rsquo;article depuis sa source.<\/a><\/p>\n","protected":false},"excerpt":{"rendered":"<p>A Guelmim, un soudeur impliqu\u00e9 dans une affaire de p\u00e9dophilie a \u00e9t\u00e9 arr\u00eat\u00e9 par les \u00e9l\u00e9ments de la police judiciaire et a \u00e9t\u00e9 traduit devant le parquet g\u00e9n\u00e9ral pr\u00e8s la Cour d\u2019appel de la ville. Il s\u2019agit d\u2019un quadrag\u00e9naire qui a conduit un enfant de six ans \u00e0 l\u2019int\u00e9rieur de son local situ\u00e9 en ancienne [&hellip;]<\/p>\n","protected":false},"author":1759,"featured_media":0,"comment_status":"closed","ping_status":"closed","sticky":false,"template":"","format":"standard","meta":{"fifu_image_url":"https:\/\/aujourdhui.ma\/wp-content\/uploads\/2016\/02\/Enfant-pedophile-abuser-Maroc-1.jpg","fifu_image_alt":"Guelmim : Un soudeur tente d\u2019abuser d\u2019un enfant de 6 ans","footnotes":""},"categories":[73,54],"tags":[],"class_list":["post-124175","post","type-post","status-publish","format-standard","hentry","category-actualite","category-maroc"],"_links":{"self":[{"href":"https:\/\/linitiative.ca\/International\/wp-json\/wp\/v2\/posts\/124175","targetHints":{"allow":["GET"]}}],"collection":[{"href":"https:\/\/linitiative.ca\/International\/wp-json\/wp\/v2\/posts"}],"about":[{"href":"https:\/\/linitiative.ca\/International\/wp-json\/wp\/v2\/types\/post"}],"author":[{"embeddable":true,"href":"https:\/\/linitiative.ca\/International\/wp-json\/wp\/v2\/users\/1759"}],"replies":[{"embeddable":true,"href":"https:\/\/linitiative.ca\/International\/wp-json\/wp\/v2\/comments?post=124175"}],"version-history":[{"count":0,"href":"https:\/\/linitiative.ca\/International\/wp-json\/wp\/v2\/posts\/124175\/revisions"}],"wp:attachment":[{"href":"https:\/\/linitiative.ca\/International\/wp-json\/wp\/v2\/media?parent=124175"}],"wp:term":[{"taxonomy":"category","embeddable":true,"href":"https:\/\/linitiative.ca\/International\/wp-json\/wp\/v2\/categories?post=124175"},{"taxonomy":"post_tag","embeddable":true,"href":"https:\/\/linitiative.ca\/International\/wp-json\/wp\/v2\/tags?post=124175"}],"curies":[{"name":"wp","href":"https:\/\/api.w.org\/{rel}","templated":true}]}}