{"id":124177,"date":"2021-08-14T16:19:53","date_gmt":"2021-08-14T20:19:53","guid":{"rendered":"https:\/\/linitiative.ca\/International\/le-ministere-de-la-sante-dement-lhospitalisation-systematique-des-enfants-de-moins-de-15-ans-atteints-de-covid-19\/"},"modified":"2021-08-14T16:19:53","modified_gmt":"2021-08-14T20:19:53","slug":"le-ministere-de-la-sante-dement-lhospitalisation-systematique-des-enfants-de-moins-de-15-ans-atteints-de-covid-19","status":"publish","type":"post","link":"https:\/\/linitiative.ca\/International\/le-ministere-de-la-sante-dement-lhospitalisation-systematique-des-enfants-de-moins-de-15-ans-atteints-de-covid-19\/","title":{"rendered":"Le Minist\u00e8re de la Sant\u00e9 d\u00e9ment l\u2019hospitalisation syst\u00e9matique des enfants de moins de 15 ans atteints de Covid-19"},"content":{"rendered":"<div>\n<p><img decoding=\"async\" width=\"300\" height=\"153\" src=\"https:\/\/linitiative.ca\/International\/wp-content\/uploads\/sites\/23\/2021\/08\/Ministere-Sante-maroc-300x153-1.jpg\" class=\"attachment-medium size-medium wp-post-image\" alt=\"\" loading=\"lazy\" srcset=\"\/\/aujourdhui.ma\/wp-content\/uploads\/2017\/01\/Ministere-Sante-maroc-300x153.jpg 300w, \/\/aujourdhui.ma\/wp-content\/uploads\/2017\/01\/Ministere-Sante-maroc.jpg 746w\" sizes=\"auto, (max-width: 300px) 100vw, 300px\"><\/p>\n<p><span style=\"color: #800000; font-size: 20px;\"><strong>Le minist\u00e8re de la Sant\u00e9 a d\u00e9menti l\u2019information diffus\u00e9e, samedi, sur un site d\u2019information \u00e9lectronique national, attribuant \u00e0 ce d\u00e9partement la d\u00e9cision d\u2019hospitalisation syst\u00e9matique des enfants de moins de 15 ans atteints de Covid-19.<\/strong><\/span><span id=\"more-384074\"><\/span><\/p>\n<p>\u00c0 ce jour, il n\u2019y a pas eu de changement dans le protocole de prise en charge des cas Covid-19 chez les enfants de 1 mois \u00e0 18 ans, diffus\u00e9 le 4 mai 2020, a affirm\u00e9 le minist\u00e8re dans un communiqu\u00e9, pr\u00e9cisant que selon ce m\u00eame protocole, l\u2019hospitalisation en cas de contamination de cette cat\u00e9gorie de la population n\u2019est pas syst\u00e9matique.<\/p>\n<p>\u00ab\u00a0Le minist\u00e8re de la Sant\u00e9 restera engag\u00e9, comme il l\u2019a \u00e9t\u00e9 depuis le d\u00e9but de cette crise sanitaire mondiale, \u00e0 communiquer de mani\u00e8re r\u00e9guli\u00e8re et transparente toutes les d\u00e9cisions et nouveaut\u00e9s s\u2019y rapportant\u00a0\u00bb, conclut le communiqu\u00e9.<\/p>\n<\/div>\n<p>Auteur: ALM<br \/>\n<a href=\"https:\/\/aujourdhui.ma\/societe\/le-ministere-de-la-sante-dement-lhospitalisation-systematique-des-enfants-de-moins-de-15-ans-atteints-de-covid-19\">Cliquez ici pour lire l&rsquo;article depuis sa source.<\/a><\/p>\n","protected":false},"excerpt":{"rendered":"<p>Le minist\u00e8re de la Sant\u00e9 a d\u00e9menti l\u2019information diffus\u00e9e, samedi, sur un site d\u2019information \u00e9lectronique national, attribuant \u00e0 ce d\u00e9partement la d\u00e9cision d\u2019hospitalisation syst\u00e9matique des enfants de moins de 15 ans atteints de Covid-19. \u00c0 ce jour, il n\u2019y a pas eu de changement dans le protocole de prise en charge des cas Covid-19 chez [&hellip;]<\/p>\n","protected":false},"author":1759,"featured_media":0,"comment_status":"closed","ping_status":"closed","sticky":false,"template":"","format":"standard","meta":{"fifu_image_url":"https:\/\/aujourdhui.ma\/wp-content\/uploads\/2017\/01\/Ministere-Sante-maroc-300x153.jpg","fifu_image_alt":"Le Minist\u00e8re de la Sant\u00e9 d\u00e9ment l\u2019hospitalisation syst\u00e9matique des enfants de moins de 15 ans atteints de Covid-19","footnotes":""},"categories":[73,54],"tags":[],"class_list":["post-124177","post","type-post","status-publish","format-standard","hentry","category-actualite","category-maroc"],"_links":{"self":[{"href":"https:\/\/linitiative.ca\/International\/wp-json\/wp\/v2\/posts\/124177","targetHints":{"allow":["GET"]}}],"collection":[{"href":"https:\/\/linitiative.ca\/International\/wp-json\/wp\/v2\/posts"}],"about":[{"href":"https:\/\/linitiative.ca\/International\/wp-json\/wp\/v2\/types\/post"}],"author":[{"embeddable":true,"href":"https:\/\/linitiative.ca\/International\/wp-json\/wp\/v2\/users\/1759"}],"replies":[{"embeddable":true,"href":"https:\/\/linitiative.ca\/International\/wp-json\/wp\/v2\/comments?post=124177"}],"version-history":[{"count":0,"href":"https:\/\/linitiative.ca\/International\/wp-json\/wp\/v2\/posts\/124177\/revisions"}],"wp:attachment":[{"href":"https:\/\/linitiative.ca\/International\/wp-json\/wp\/v2\/media?parent=124177"}],"wp:term":[{"taxonomy":"category","embeddable":true,"href":"https:\/\/linitiative.ca\/International\/wp-json\/wp\/v2\/categories?post=124177"},{"taxonomy":"post_tag","embeddable":true,"href":"https:\/\/linitiative.ca\/International\/wp-json\/wp\/v2\/tags?post=124177"}],"curies":[{"name":"wp","href":"https:\/\/api.w.org\/{rel}","templated":true}]}}