{"id":124179,"date":"2021-08-15T09:28:21","date_gmt":"2021-08-15T13:28:21","guid":{"rendered":"https:\/\/linitiative.ca\/International\/un-guide-andalou\/"},"modified":"2021-08-15T09:28:21","modified_gmt":"2021-08-15T13:28:21","slug":"un-guide-andalou","status":"publish","type":"post","link":"https:\/\/linitiative.ca\/International\/un-guide-andalou\/","title":{"rendered":"\u00abUn Guide Andalou\u00bb"},"content":{"rendered":"<div>\n<p class=\"has-text-align-center has-vivid-red-color has-text-color\"><strong>Simohammed Fettaka expose ses \u0153uvres \u00e0 Marrakech<\/strong><\/p>\n<p class=\"has-vivid-cyan-blue-color has-text-color\"><strong>L\u2019artiste marocain Simohammed Fettaka expose ses r\u00e9centes \u0153uvres \u00e0 Marrakech sous le th\u00e8me \u00ab\u00a0Un Guide Andalou\u00a0\u00bb. Visible jusqu\u2019au 08 septembre prochain aux Cimaises du Comptoir des Mines Galerie, cette exposition emm\u00e8ne le public et les amoureux des arts plastiques dans un voyage dans l\u2019histoire du Maroc et celle des arts, tout en les immergeant dans ses propres recherches.<\/strong><\/p>\n<p>Dans cette s\u00e9rie, cet artiste pluridisciplinaire qui vit et travaille \u00e0 Marrakech, convoque l\u2019un des artistes majeurs de la peinture orientaliste au Maroc : Jacques Majorelle. Pourtant, et \u00e0 l\u2019inverse du c\u00e9l\u00e8bre artiste orientaliste fran\u00e7ais, cet artiste marocain remplace par des miroirs les silhouettes des femmes africaines peintes par Jacques Majorelle.<\/p>\n<p>Cette s\u00e9rie, qui maintient et fige les postures des mod\u00e8les de Majorelle, met en exergue le traitement du corps africain \u00ab\u00a0colonis\u00e9\u00a0\u00bb.<\/p>\n<p>L\u2019exposition aborde \u00e9galement d\u2019autres th\u00e8mes et recherches autour des territoires, des enjeux g\u00e9ostrat\u00e9giques de notre \u00e9poque, et des liens entre les cultures \u00e0 travers une d\u00e9ambulation dans les espaces du Comptoir des Mines.<\/p>\n<p>N\u00e9 en 1981 \u00e0 Tanger, Simohammed Fettaka a int\u00e9gr\u00e9 en 2007 l\u2019Universit\u00e9 d\u2019\u00e9t\u00e9 de la Femis (\u00c9cole Nationale Sup\u00e9rieure des M\u00e9tiers de l\u2019Image et du Son), puis fonde en 2008, le Festival Cin\u00e9ma Nachia \u00e0 la Cin\u00e9math\u00e8que de Tanger.<\/p>\n<p>Il a \u00e9galement suivi le master \u00ab\u00a0Programme d\u2019exp\u00e9rimentation en Arts et Politiques\u00a0\u00bb \u00e0 l\u2019Institut d\u2019\u00c9tudes Politiques de Paris, dirig\u00e9 par Bruno Latour.<\/p>\n<p>Cet artiste a expos\u00e9 dans plusieurs mus\u00e9es et galeries en Europe et au Maroc, au Centre Pompidou (Paris), au 21er Haus Museum (Vienne), M HKA Antwerpen (Anvers) et Old Truman Brewery (Londres) entre autres.<\/p>\n<p>Plusieurs de ses \u0153uvres sont acquises par le Mus\u00e9e des civilisations de l\u2019Europe et de la M\u00e9diterran\u00e9e (Mucem-Marseille), par le Centre national des arts plastiques (Cnap) \u00e0 Paris et autres.<\/p>\n<p>Simohammed Fettaka a d\u00e9velopp\u00e9 une pratique plus globale d\u2019artiste visuel, s\u2019incarnant dans des s\u00e9ries photographiques, des collages, des installations, des performances, ainsi que des pi\u00e8ces sonores, o\u00f9 il cherche \u00e0 mettre en question l\u2019esth\u00e9tique politique et la construction du r\u00e9el autour des images iconiques.<\/p>\n<p>L\u2019article <a rel=\"nofollow\" href=\"http:\/\/albayane.press.ma\/un-guide-andalou.html\">\u00abUn Guide Andalou\u00bb<\/a> est apparu en premier sur <a rel=\"nofollow\" href=\"http:\/\/albayane.press.ma\/\">ALBAYANE<\/a>.<\/p>\n<\/div>\n<p>Auteur: M&rsquo;hammed rahal<br \/>\n<a href=\"http:\/\/albayane.press.ma\/un-guide-andalou.html\">Cliquez ici pour lire l&rsquo;article depuis sa source.<\/a><\/p>\n","protected":false},"excerpt":{"rendered":"<p>Simohammed Fettaka expose ses \u0153uvres \u00e0 Marrakech L\u2019artiste marocain Simohammed Fettaka expose ses r\u00e9centes \u0153uvres \u00e0 Marrakech sous le th\u00e8me \u00ab\u00a0Un Guide Andalou\u00a0\u00bb. Visible jusqu\u2019au 08 septembre prochain aux Cimaises du Comptoir des Mines Galerie, cette exposition emm\u00e8ne le public et les amoureux des arts plastiques dans un voyage dans l\u2019histoire du Maroc et celle [&hellip;]<\/p>\n","protected":false},"author":1760,"featured_media":0,"comment_status":"closed","ping_status":"closed","sticky":false,"template":"","format":"standard","meta":{"fifu_image_url":"","fifu_image_alt":"","footnotes":""},"categories":[73,54],"tags":[],"class_list":["post-124179","post","type-post","status-publish","format-standard","hentry","category-actualite","category-maroc"],"_links":{"self":[{"href":"https:\/\/linitiative.ca\/International\/wp-json\/wp\/v2\/posts\/124179","targetHints":{"allow":["GET"]}}],"collection":[{"href":"https:\/\/linitiative.ca\/International\/wp-json\/wp\/v2\/posts"}],"about":[{"href":"https:\/\/linitiative.ca\/International\/wp-json\/wp\/v2\/types\/post"}],"author":[{"embeddable":true,"href":"https:\/\/linitiative.ca\/International\/wp-json\/wp\/v2\/users\/1760"}],"replies":[{"embeddable":true,"href":"https:\/\/linitiative.ca\/International\/wp-json\/wp\/v2\/comments?post=124179"}],"version-history":[{"count":0,"href":"https:\/\/linitiative.ca\/International\/wp-json\/wp\/v2\/posts\/124179\/revisions"}],"wp:attachment":[{"href":"https:\/\/linitiative.ca\/International\/wp-json\/wp\/v2\/media?parent=124179"}],"wp:term":[{"taxonomy":"category","embeddable":true,"href":"https:\/\/linitiative.ca\/International\/wp-json\/wp\/v2\/categories?post=124179"},{"taxonomy":"post_tag","embeddable":true,"href":"https:\/\/linitiative.ca\/International\/wp-json\/wp\/v2\/tags?post=124179"}],"curies":[{"name":"wp","href":"https:\/\/api.w.org\/{rel}","templated":true}]}}