{"id":124180,"date":"2021-08-15T09:31:22","date_gmt":"2021-08-15T13:31:22","guid":{"rendered":"https:\/\/linitiative.ca\/International\/le-dualisme-de-lame-et-du-corps\/"},"modified":"2021-08-15T09:31:22","modified_gmt":"2021-08-15T13:31:22","slug":"le-dualisme-de-lame-et-du-corps","status":"publish","type":"post","link":"https:\/\/linitiative.ca\/International\/le-dualisme-de-lame-et-du-corps\/","title":{"rendered":"Le dualisme de l\u2019\u00e2me et du corps"},"content":{"rendered":"<div>\n<p class=\"has-text-align-center has-vivid-red-color has-text-color\">Le joli panache de Mohamed Sanoussi<\/p>\n<p class=\"has-text-align-right\">Saoudi El Amalki<\/p>\n<p class=\"has-text-color\" style=\"color:#0644e5\">\u00abL\u2019esprit et le corps sont une seule et m\u00eame chose, tant\u00f4t con\u00e7ue sous l\u2019attribut\u00a0de la pens\u00e9e, tant\u00f4t sous l\u2019attribut de l\u2019\u00e9tendue\u00bb, se plaisait de confirmer, le penseur n\u00e9erlandais du 17<sup>\u00e8me<\/sup> si\u00e8cle, Baruch Spinoza.<\/p>\n<p>La tendance cart\u00e9sienne, immanent du r\u00e9el dans la dualit\u00e9 de la mati\u00e8re et de l\u2019\u00e2me \u00e0 laquelle s\u2019identifie\u00able philosophe de la joie\u00bb, tel que baptis\u00e9 par ses pairs, inspire nombre d\u2019\u00e9rudits du savoir, mais \u00e9galement de pl\u00e9iades de l\u2019art, sous leurs diverses expressions. Assur\u00e9ment, Mohamed Sanoussi, l\u2019illustre panth\u00e9on de l\u2019art plastique, l\u2019\u00e9m\u00e9rite baobab de la tradition artistique de l\u2019Afrique, probablement peu m\u00e9diatis\u00e9 dans la tribune nationale voire universelle, s\u2019abreuve dans l\u2019oc\u00e9an transcendant du spinozisme. Sur la constellation phosphorescente de ses chefs-d\u2019\u0153uvre, en particulier l\u2019ultime plaquette de ses trouvailles, le \u00abcorporel\u00bb et \u00able spirituel\u00bbse c\u00f4toient sur la m\u00eame longueur d\u2019ondes, au point de se fondre dans la nymphe galactique.<\/p>\n<p>Cette dualit\u00e9 du corps et de l\u2019\u00e2me, \u00e0 la fois fort apparente et quasi latente, tr\u00e8s souvent hyper charnelle et sensuelle, \u00e0 la limite de l\u2019\u00e9rotisme, a tendance \u00e0 magnifier et glorifier l\u2019ectoplasme humain, dans tous ses \u00e9clats. Sans pour autant ignorer le caract\u00e8re indissociable de l\u2019\u00e2me, en tant que substance motrice qui ravive la chair, le corps chez Sanoussi, tout sp\u00e9cialement le visage encore mieux l\u2019organe oculaire, occupe une place de choix sur la toile. Mais, on a bien l\u2019impression que le bonheur du corps s\u2019av\u00e8re \u00a0honni, banni voire accabl\u00e9 par les turpitudes de son entourage pluriel. La libert\u00e9 du corps que le peintre aurait cherch\u00e9 de faire \u00e9merger sans fronti\u00e8res, a l\u2019air de se disperser dans les d\u00e9dales de la r\u00e9flexion de l\u2019auteur.<\/p>\n<p>\u00abComment peut-on alors vivre heureux si la libert\u00e9 n\u2019est qu\u2019une chim\u00e8re?\u00bb, avait d\u00e9j\u00e0 claironn\u00e9 sur tous les toits, Baruch Spinoza, pr\u00f4nant ainsi la libert\u00e9 des consciences et des expressions de l\u2019individu. Dans ses inlassables tentatives de lib\u00e9rer le corps du carcan de la servitude, sous ses multiples formes, Sanoussi s\u2019efforce en fait, de mat\u00e9rialiser l\u2019aur\u00e9ole du corps et d\u2019en faire le cheval de bataille contre la tyrannie et le cynisme.<\/p>\n<p>Sur la forme, le peintre excelle par ses coups de pinceau extr\u00eamement pointilleux et magistralement habiles pour une recherche esth\u00e9tique visc\u00e9ralement harmonieuse et un souci constant judicieusement porteur au plus fin des ingr\u00e9dients utilis\u00e9s. La sym\u00e9trie, le tact, le rappel, la coh\u00e9rence, autant d\u2019\u00e9l\u00e9ments qui mettent en valeur cette passion ardente de fid\u00e9liser et d\u2019humaniser, mais aussi d\u2019encenser majestueusement la sacralit\u00e9 du corps, vers la transcendance extr\u00eame.<\/p>\n<p>C\u2019est sans nul doute, cette ma\u00eetrise raffin\u00e9e de l\u2019art de dessiner, cet entrain hardi de transcender les entraves, et insatiable d\u2019innover dans la remise en cause de la pens\u00e9e et de l\u2019outil en usage, que Sanoussi parvient \u00e0 enfanter ces merveilles, en exorcisant le corps au service de la jovialit\u00e9 et la libert\u00e9.Et c\u2019est toujours Spinoza qui le dit et en inspire tous ceux qui p\u00e9tillent de la vie joviale pareil aux orf\u00e8vreries sign\u00e9es Sanoussi\u00a0: \u00abSi vous voulez bien que la vie vous sourie, apportez-en d\u2019abord votre bonne humeur!\u00bb.<\/p>\n<p>L\u2019article <a rel=\"nofollow\" href=\"http:\/\/albayane.press.ma\/le-dualisme-de-lame-et-du-corps.html\">Le dualisme de l\u2019\u00e2me et du corps<\/a> est apparu en premier sur <a rel=\"nofollow\" href=\"http:\/\/albayane.press.ma\/\">ALBAYANE<\/a>.<\/p>\n<\/div>\n<p>Auteur: M&rsquo;hammed rahal<br \/>\n<a href=\"http:\/\/albayane.press.ma\/le-dualisme-de-lame-et-du-corps.html\">Cliquez ici pour lire l&rsquo;article depuis sa source.<\/a><\/p>\n","protected":false},"excerpt":{"rendered":"<p>Le joli panache de Mohamed Sanoussi Saoudi El Amalki \u00abL\u2019esprit et le corps sont une seule et m\u00eame chose, tant\u00f4t con\u00e7ue sous l\u2019attribut\u00a0de la pens\u00e9e, tant\u00f4t sous l\u2019attribut de l\u2019\u00e9tendue\u00bb, se plaisait de confirmer, le penseur n\u00e9erlandais du 17\u00e8me si\u00e8cle, Baruch Spinoza. La tendance cart\u00e9sienne, immanent du r\u00e9el dans la dualit\u00e9 de la mati\u00e8re et [&hellip;]<\/p>\n","protected":false},"author":1760,"featured_media":0,"comment_status":"closed","ping_status":"closed","sticky":false,"template":"","format":"standard","meta":{"fifu_image_url":"","fifu_image_alt":"","footnotes":""},"categories":[73,54],"tags":[],"class_list":["post-124180","post","type-post","status-publish","format-standard","hentry","category-actualite","category-maroc"],"_links":{"self":[{"href":"https:\/\/linitiative.ca\/International\/wp-json\/wp\/v2\/posts\/124180","targetHints":{"allow":["GET"]}}],"collection":[{"href":"https:\/\/linitiative.ca\/International\/wp-json\/wp\/v2\/posts"}],"about":[{"href":"https:\/\/linitiative.ca\/International\/wp-json\/wp\/v2\/types\/post"}],"author":[{"embeddable":true,"href":"https:\/\/linitiative.ca\/International\/wp-json\/wp\/v2\/users\/1760"}],"replies":[{"embeddable":true,"href":"https:\/\/linitiative.ca\/International\/wp-json\/wp\/v2\/comments?post=124180"}],"version-history":[{"count":0,"href":"https:\/\/linitiative.ca\/International\/wp-json\/wp\/v2\/posts\/124180\/revisions"}],"wp:attachment":[{"href":"https:\/\/linitiative.ca\/International\/wp-json\/wp\/v2\/media?parent=124180"}],"wp:term":[{"taxonomy":"category","embeddable":true,"href":"https:\/\/linitiative.ca\/International\/wp-json\/wp\/v2\/categories?post=124180"},{"taxonomy":"post_tag","embeddable":true,"href":"https:\/\/linitiative.ca\/International\/wp-json\/wp\/v2\/tags?post=124180"}],"curies":[{"name":"wp","href":"https:\/\/api.w.org\/{rel}","templated":true}]}}