{"id":124185,"date":"2021-08-15T06:43:48","date_gmt":"2021-08-15T10:43:48","guid":{"rendered":"https:\/\/linitiative.ca\/International\/le-parti-de-laction-accorde-la-priorite-a-lelement-humain\/"},"modified":"2021-08-15T06:43:48","modified_gmt":"2021-08-15T10:43:48","slug":"le-parti-de-laction-accorde-la-priorite-a-lelement-humain","status":"publish","type":"post","link":"https:\/\/linitiative.ca\/International\/le-parti-de-laction-accorde-la-priorite-a-lelement-humain\/","title":{"rendered":"Le Parti de l\u2019action accorde la priorit\u00e9 \u00e0 l\u2019\u00e9l\u00e9ment humain"},"content":{"rendered":"<div>\n<div style=\"margin-bottom:20px;\"><img loading=\"lazy\" decoding=\"async\" width=\"750\" height=\"430\" src=\"https:\/\/linitiative.ca\/International\/wp-content\/uploads\/sites\/23\/2021\/08\/Parti-de-laction.jpg\" class=\"attachment-post-thumbnail size-post-thumbnail wp-post-image\" alt=\"\" srcset=\"https:\/\/linitiative.ca\/International\/wp-content\/uploads\/sites\/23\/2021\/08\/Parti-de-laction.jpg 750w, http:\/\/www.mapmarrakech.ma\/map\/uploads\/2021\/08\/Parti-de-laction-300x172.jpg 300w\" sizes=\"auto, (max-width: 750px) 100vw, 750px\"><\/div>\n<p>\u00ab\u00a0La priorit\u00e9 doit \u00eatre donn\u00e9e \u00e0 l\u2019axe portant sur la qualification de l\u2019\u00e9l\u00e9ment humain et du capital immat\u00e9riel en tant que pilier fondamental du d\u00e9veloppement socio\u00e9conomique et volet essentiel garantissant la r\u00e9ussite des programmes \u00e9conomiques et strat\u00e9gies nationaux\u00a0\u00bb, a-t-il relev\u00e9 lors d\u2019une rencontre de communication autour du programme politique du PA pour les prochaines \u00e9ch\u00e9ances \u00e9lectorales de septembre 2021.<\/p>\n<p>Dans ce cadre, M. Drissi a soulign\u00e9 que son parti propose de s\u2019int\u00e9resser davantage \u00e0 l\u2019enseignement primaire pour lutter contre la d\u00e9perdition scolaire et \u00e9duquer les nouvelles g\u00e9n\u00e9rations aux valeurs de citoyennet\u00e9, ajoutant que le PA pr\u00e9conise une \u00e9cole alliant le th\u00e9orique et la pratique et l\u2019int\u00e9gration de la formation professionnelle dans les \u00e9coles primaires afin de d\u00e9tecter pr\u00e9matur\u00e9ment les talents et les aptitudes cognitives et sportives des \u00e9l\u00e8ves et leur assurer ainsi une meilleure orientation.<\/p>\n<p>\u00ab\u00a0Le PA appelle aussi \u00e0 garantir une ad\u00e9quation entre la formation acad\u00e9mique et professionnelles et les besoins des entreprises marocaines, qui sont le pilier de l\u2019\u00e9conomie et de la stabilit\u00e9 sociale\u00a0\u00bb, a-t-il encha\u00een\u00e9.<\/p>\n<p>M.Drissi a, par ailleurs, insist\u00e9 sur le principe de bonne gouvernance qui requiert une clart\u00e9 en termes de r\u00e9partition des r\u00f4les et des responsabilit\u00e9s, la corr\u00e9lation entre responsabilit\u00e9 et reddition des comptes, la mise en \u0153uvre de la r\u00e9gionalisation et la promotion de la digitalisation, et l\u2019association des partenaires politiques, sociaux, la soci\u00e9t\u00e9 civile, les repr\u00e9sentations des entreprises et les chambres professionnelles.<\/p>\n<p>Sur un autre registre, M. Drissi a mis en lumi\u00e8re les r\u00e9alisations ainsi que la mobilisation et l\u2019adh\u00e9sion des composantes du PA dans le processus de d\u00e9veloppement, sous la conduite \u00e9clair\u00e9e de SM le Roi Mohammed VI.<\/p>\n<p>Dans la m\u00eame lign\u00e9e, il a mis en avant les grands succ\u00e8s engrang\u00e9s par la diplomatie marocaine, sous l\u2019impulsion de SM le Roi Mohammed VI ayant permis de mettre en \u00e9chec les man\u0153uvres ourdies par les ennemis de l\u2019int\u00e9grit\u00e9 territoriale du Royaume.<\/p>\n<p>De son c\u00f4t\u00e9, la militante du Parti, Mme Nouhaila Lahnine s\u2019est attard\u00e9e sur la participation politique de la femme, notamment son adh\u00e9sion au processus de construction du Maroc moderne sous la conduite \u00e9clair\u00e9e de SM le Roi Mohammed VI, qui ne cesse depuis Son accession au Tr\u00f4ne de Ses Glorieux Anc\u00eatres de promouvoir les droits des femmes et de consolider l\u2019\u00e9galit\u00e9 Homme-Femme dans tous les domaines se rapportant \u00e0 la gestion de la chose publique.<\/p>\n<p>Au nom de la Jeunesse du Parti, Mme Samira Ait Lhaj a \u00e9mis le souhait que les politiques publiques, les programmes et les plans gouvernementaux prennent en consid\u00e9ration les attentes des jeunes et leurs aspirations \u00e0 une vie digne et leur droit \u00e0 un travail d\u00e9cent et \u00e0 un enseignement utile, r\u00e9affirmant l\u2019engagement et l\u2019adh\u00e9sion des jeunes militants du parti en faveur d\u2019une forte participation aux \u00e9lections de septembre prochain.<\/p>\n<p>The post <a rel=\"nofollow\" href=\"http:\/\/www.mapmarrakech.ma\/fr\/le-parti-de-laction-accorde-la-priorite-a-la-qualification-de-lelement-humain\/\">Le Parti de l\u2019action accorde la priorit\u00e9 \u00e0 l\u2019\u00e9l\u00e9ment humain<\/a> appeared first on <a rel=\"nofollow\" href=\"http:\/\/www.mapmarrakech.ma\/fr\">MapMarrakech<\/a>.<\/p>\n<\/div>\n<p>Auteur: Meriem IGASS<br \/>\n<a href=\"http:\/\/www.mapmarrakech.ma\/fr\/le-parti-de-laction-accorde-la-priorite-a-la-qualification-de-lelement-humain\/\">Cliquez ici pour lire l&rsquo;article depuis sa source.<\/a><\/p>\n","protected":false},"excerpt":{"rendered":"<p>\u00ab\u00a0La priorit\u00e9 doit \u00eatre donn\u00e9e \u00e0 l\u2019axe portant sur la qualification de l\u2019\u00e9l\u00e9ment humain et du capital immat\u00e9riel en tant que pilier fondamental du d\u00e9veloppement socio\u00e9conomique et volet essentiel garantissant la r\u00e9ussite des programmes \u00e9conomiques et strat\u00e9gies nationaux\u00a0\u00bb, a-t-il relev\u00e9 lors d\u2019une rencontre de communication autour du programme politique du PA pour les prochaines \u00e9ch\u00e9ances [&hellip;]<\/p>\n","protected":false},"author":1788,"featured_media":0,"comment_status":"closed","ping_status":"closed","sticky":false,"template":"","format":"standard","meta":{"fifu_image_url":"http:\/\/www.mapmarrakech.ma\/map\/uploads\/2021\/08\/Parti-de-laction.jpg","fifu_image_alt":"Le Parti de l\u2019action accorde la priorit\u00e9 \u00e0 l\u2019\u00e9l\u00e9ment humain","footnotes":""},"categories":[54,76],"tags":[],"class_list":["post-124185","post","type-post","status-publish","format-standard","hentry","category-maroc","category-regions"],"_links":{"self":[{"href":"https:\/\/linitiative.ca\/International\/wp-json\/wp\/v2\/posts\/124185","targetHints":{"allow":["GET"]}}],"collection":[{"href":"https:\/\/linitiative.ca\/International\/wp-json\/wp\/v2\/posts"}],"about":[{"href":"https:\/\/linitiative.ca\/International\/wp-json\/wp\/v2\/types\/post"}],"author":[{"embeddable":true,"href":"https:\/\/linitiative.ca\/International\/wp-json\/wp\/v2\/users\/1788"}],"replies":[{"embeddable":true,"href":"https:\/\/linitiative.ca\/International\/wp-json\/wp\/v2\/comments?post=124185"}],"version-history":[{"count":0,"href":"https:\/\/linitiative.ca\/International\/wp-json\/wp\/v2\/posts\/124185\/revisions"}],"wp:attachment":[{"href":"https:\/\/linitiative.ca\/International\/wp-json\/wp\/v2\/media?parent=124185"}],"wp:term":[{"taxonomy":"category","embeddable":true,"href":"https:\/\/linitiative.ca\/International\/wp-json\/wp\/v2\/categories?post=124185"},{"taxonomy":"post_tag","embeddable":true,"href":"https:\/\/linitiative.ca\/International\/wp-json\/wp\/v2\/tags?post=124185"}],"curies":[{"name":"wp","href":"https:\/\/api.w.org\/{rel}","templated":true}]}}