{"id":124198,"date":"2021-08-15T10:00:00","date_gmt":"2021-08-15T14:00:00","guid":{"rendered":"https:\/\/linitiative.ca\/International\/lac-milan-reste-focus-sur-cette-star-du-losc\/"},"modified":"2021-08-15T10:00:00","modified_gmt":"2021-08-15T14:00:00","slug":"lac-milan-reste-focus-sur-cette-star-du-losc","status":"publish","type":"post","link":"https:\/\/linitiative.ca\/International\/lac-milan-reste-focus-sur-cette-star-du-losc\/","title":{"rendered":"L\u2019AC Milan reste focus sur cette star du LOSC"},"content":{"rendered":"<div>Les difficult\u00e9s financi\u00e8res du LOSC, qui doit r\u00e9unir la bagatelle de 95 millions d\u2019euros pour \u00e9quilibrer les comptes cet \u00e9t\u00e9 vont peut-\u00eatre contraindre les dirigeants \u00e0 laisser filer quelques-uns de leurs meilleurs joueurs.<img loading=\"lazy\" decoding=\"async\" src=\"http:\/\/feeds.feedburner.com\/~r\/GalerieFArtciles\/~4\/uo4cWA1vqKg\" height=\"1\" width=\"1\" alt=\"\"><\/div>\n<p>Auteur:<br \/>\n<a href=\"http:\/\/www.lebuteur.com\/article\/detail?titre=lac-milan-reste-focus-sur-cette-star-du-losc&#038;id=100851&#038;utm_source=feedburner&#038;utm_medium=feed&#038;utm_campaign=Feed%3A+GalerieFArtciles+%28Les+derniers+articles++-+lebuteur.com%29\">Cliquez ici pour lire l&rsquo;article depuis sa source.<\/a><\/p>\n","protected":false},"excerpt":{"rendered":"<p>Les difficult\u00e9s financi\u00e8res du LOSC, qui doit r\u00e9unir la bagatelle de 95 millions d\u2019euros pour \u00e9quilibrer les comptes cet \u00e9t\u00e9 vont peut-\u00eatre contraindre les dirigeants \u00e0 laisser filer quelques-uns de leurs meilleurs joueurs. Auteur: Cliquez ici pour lire l&rsquo;article depuis sa source.<\/p>\n","protected":false},"author":1738,"featured_media":0,"comment_status":"closed","ping_status":"closed","sticky":false,"template":"","format":"standard","meta":{"fifu_image_url":"http:\/\/feeds.feedburner.com\/~r\/GalerieFArtciles\/~4\/uo4cWA1vqKg","fifu_image_alt":"L\u2019AC Milan reste focus sur cette star du LOSC","footnotes":""},"categories":[53,75],"tags":[],"class_list":["post-124198","post","type-post","status-publish","format-standard","hentry","category-algerie","category-sport"],"_links":{"self":[{"href":"https:\/\/linitiative.ca\/International\/wp-json\/wp\/v2\/posts\/124198","targetHints":{"allow":["GET"]}}],"collection":[{"href":"https:\/\/linitiative.ca\/International\/wp-json\/wp\/v2\/posts"}],"about":[{"href":"https:\/\/linitiative.ca\/International\/wp-json\/wp\/v2\/types\/post"}],"author":[{"embeddable":true,"href":"https:\/\/linitiative.ca\/International\/wp-json\/wp\/v2\/users\/1738"}],"replies":[{"embeddable":true,"href":"https:\/\/linitiative.ca\/International\/wp-json\/wp\/v2\/comments?post=124198"}],"version-history":[{"count":0,"href":"https:\/\/linitiative.ca\/International\/wp-json\/wp\/v2\/posts\/124198\/revisions"}],"wp:attachment":[{"href":"https:\/\/linitiative.ca\/International\/wp-json\/wp\/v2\/media?parent=124198"}],"wp:term":[{"taxonomy":"category","embeddable":true,"href":"https:\/\/linitiative.ca\/International\/wp-json\/wp\/v2\/categories?post=124198"},{"taxonomy":"post_tag","embeddable":true,"href":"https:\/\/linitiative.ca\/International\/wp-json\/wp\/v2\/tags?post=124198"}],"curies":[{"name":"wp","href":"https:\/\/api.w.org\/{rel}","templated":true}]}}