{"id":124199,"date":"2021-08-15T11:11:00","date_gmt":"2021-08-15T15:11:00","guid":{"rendered":"https:\/\/linitiative.ca\/International\/montpellier-delort-buteur-face-a-reims-video\/"},"modified":"2021-08-15T11:11:00","modified_gmt":"2021-08-15T15:11:00","slug":"montpellier-delort-buteur-face-a-reims-video","status":"publish","type":"post","link":"https:\/\/linitiative.ca\/International\/montpellier-delort-buteur-face-a-reims-video\/","title":{"rendered":"Montpellier : Delort buteur face \u00e0 Reims (Vid\u00e9o)"},"content":{"rendered":"<div>Reims et Montpellier se sont partag\u00e9s les points apr\u00e8s un match fou (3-3). Andy Delort a marqu\u00e9 pour son \u00e9quipe<img loading=\"lazy\" decoding=\"async\" src=\"http:\/\/feeds.feedburner.com\/~r\/GalerieFArtciles\/~4\/TG6tPpjB2oI\" height=\"1\" width=\"1\" alt=\"\"><\/div>\n<p>Auteur:<br \/>\n<a href=\"http:\/\/www.lebuteur.com\/article\/detail?titre=montpellier-delort-buteur-face-a-reims-video&#038;id=100852&#038;utm_source=feedburner&#038;utm_medium=feed&#038;utm_campaign=Feed%3A+GalerieFArtciles+%28Les+derniers+articles++-+lebuteur.com%29\">Cliquez ici pour lire l&rsquo;article depuis sa source.<\/a><\/p>\n","protected":false},"excerpt":{"rendered":"<p>Reims et Montpellier se sont partag\u00e9s les points apr\u00e8s un match fou (3-3). Andy Delort a marqu\u00e9 pour son \u00e9quipe Auteur: Cliquez ici pour lire l&rsquo;article depuis sa source.<\/p>\n","protected":false},"author":1738,"featured_media":0,"comment_status":"closed","ping_status":"closed","sticky":false,"template":"","format":"standard","meta":{"fifu_image_url":"http:\/\/feeds.feedburner.com\/~r\/GalerieFArtciles\/~4\/TG6tPpjB2oI","fifu_image_alt":"Montpellier : Delort buteur face \u00e0 Reims (Vid\u00e9o)","footnotes":""},"categories":[53,75],"tags":[],"class_list":["post-124199","post","type-post","status-publish","format-standard","hentry","category-algerie","category-sport"],"_links":{"self":[{"href":"https:\/\/linitiative.ca\/International\/wp-json\/wp\/v2\/posts\/124199","targetHints":{"allow":["GET"]}}],"collection":[{"href":"https:\/\/linitiative.ca\/International\/wp-json\/wp\/v2\/posts"}],"about":[{"href":"https:\/\/linitiative.ca\/International\/wp-json\/wp\/v2\/types\/post"}],"author":[{"embeddable":true,"href":"https:\/\/linitiative.ca\/International\/wp-json\/wp\/v2\/users\/1738"}],"replies":[{"embeddable":true,"href":"https:\/\/linitiative.ca\/International\/wp-json\/wp\/v2\/comments?post=124199"}],"version-history":[{"count":0,"href":"https:\/\/linitiative.ca\/International\/wp-json\/wp\/v2\/posts\/124199\/revisions"}],"wp:attachment":[{"href":"https:\/\/linitiative.ca\/International\/wp-json\/wp\/v2\/media?parent=124199"}],"wp:term":[{"taxonomy":"category","embeddable":true,"href":"https:\/\/linitiative.ca\/International\/wp-json\/wp\/v2\/categories?post=124199"},{"taxonomy":"post_tag","embeddable":true,"href":"https:\/\/linitiative.ca\/International\/wp-json\/wp\/v2\/tags?post=124199"}],"curies":[{"name":"wp","href":"https:\/\/api.w.org\/{rel}","templated":true}]}}