{"id":124202,"date":"2021-08-15T06:30:46","date_gmt":"2021-08-15T10:30:46","guid":{"rendered":"https:\/\/linitiative.ca\/International\/46-suspects-arretes\/"},"modified":"2021-08-15T06:30:46","modified_gmt":"2021-08-15T10:30:46","slug":"46-suspects-arretes","status":"publish","type":"post","link":"https:\/\/linitiative.ca\/International\/46-suspects-arretes\/","title":{"rendered":"46 suspects arr\u00eat\u00e9s"},"content":{"rendered":"<div>\n<div class=\"sriret\"><img decoding=\"async\" src=\"https:\/\/linitiative.ca\/International\/wp-content\/uploads\/sites\/23\/2021\/08\/default-picture-709x366_c-25.jpg\"><\/div>\n<p>Quarante-six personnes pr\u00e9sum\u00e9es impliqu\u00e9es dans l\u2019assassinat de Djamel Bensma\u00efl, mercredi, au chef-lieu de la commune de Larba\u00e2 Nath Irathen, dans la wilaya de Tizi Ouzou, ont \u00e9t\u00e9 arr\u00eat\u00e9es, hier, par les services de s\u00e9curit\u00e9.<\/p>\n<p>Douze autres personnes suspect\u00e9es d\u2019avoir pris part \u00e0 cet acte de barbarie sont toujours recherch\u00e9es. Le jeune artiste Djamel Bensma\u00efl, \u00e2g\u00e9 de 36 ans et originaire de Miliana, dans la wilaya de A\u00efn Defla, a \u00e9t\u00e9 pris par des jeunes de la r\u00e9gion, pour un pyromane avant d\u2019\u00eatre lynch\u00e9 par une foule en col\u00e8re. Cet acte a \u00e9t\u00e9 fortement d\u00e9nonc\u00e9, notamment \u00e0 travers les r\u00e9seaux sociaux, surtout lorsqu\u2019il s\u2019est av\u00e9r\u00e9 que le d\u00e9funt \u00e9tait venu pour aider les citoyens de la r\u00e9gion dans ces moments difficiles, d\u2019autant plus qu\u2019il est habitu\u00e9 \u00e0 ce genre d\u2019action de solidarit\u00e9. Selon les t\u00e9moignages des jeunes de sa r\u00e9gion, Djamel a d\u00e9j\u00e0 particip\u00e9 dans plusieurs op\u00e9rations d\u2019aide aux gens en difficult\u00e9.<\/p>\n<p>*Retrouvez l\u2019int\u00e9gralit\u00e9 de nos articles sur la version papier<\/p>\n<p>L\u2019article <a rel=\"nofollow\" href=\"https:\/\/www.elwatan.com\/edition\/actualite\/46-suspects-arretes-15-08-2021\">46 suspects arr\u00eat\u00e9s<\/a> est apparu en premier sur <a rel=\"nofollow\" href=\"https:\/\/www.elwatan.com\/\">El Watan<\/a>.<\/p>\n<\/div>\n<p>Auteur: Hicham Chouadria<br \/>\n<a href=\"https:\/\/www.elwatan.com\/edition\/actualite\/46-suspects-arretes-15-08-2021\">Cliquez ici pour lire l&rsquo;article depuis sa source.<\/a><\/p>\n","protected":false},"excerpt":{"rendered":"<p>Quarante-six personnes pr\u00e9sum\u00e9es impliqu\u00e9es dans l\u2019assassinat de Djamel Bensma\u00efl, mercredi, au chef-lieu de la commune de Larba\u00e2 Nath Irathen, dans la wilaya de Tizi Ouzou, ont \u00e9t\u00e9 arr\u00eat\u00e9es, hier, par les services de s\u00e9curit\u00e9. Douze autres personnes suspect\u00e9es d\u2019avoir pris part \u00e0 cet acte de barbarie sont toujours recherch\u00e9es. Le jeune artiste Djamel Bensma\u00efl, \u00e2g\u00e9 [&hellip;]<\/p>\n","protected":false},"author":1743,"featured_media":0,"comment_status":"closed","ping_status":"closed","sticky":false,"template":"","format":"standard","meta":{"fifu_image_url":"https:\/\/www.elwatan.com\/wp-content\/themes\/spectr\/img\/default-picture-709x366_c.jpg","fifu_image_alt":"46 suspects arr\u00eat\u00e9s","footnotes":""},"categories":[73,53],"tags":[],"class_list":["post-124202","post","type-post","status-publish","format-standard","hentry","category-actualite","category-algerie"],"_links":{"self":[{"href":"https:\/\/linitiative.ca\/International\/wp-json\/wp\/v2\/posts\/124202","targetHints":{"allow":["GET"]}}],"collection":[{"href":"https:\/\/linitiative.ca\/International\/wp-json\/wp\/v2\/posts"}],"about":[{"href":"https:\/\/linitiative.ca\/International\/wp-json\/wp\/v2\/types\/post"}],"author":[{"embeddable":true,"href":"https:\/\/linitiative.ca\/International\/wp-json\/wp\/v2\/users\/1743"}],"replies":[{"embeddable":true,"href":"https:\/\/linitiative.ca\/International\/wp-json\/wp\/v2\/comments?post=124202"}],"version-history":[{"count":0,"href":"https:\/\/linitiative.ca\/International\/wp-json\/wp\/v2\/posts\/124202\/revisions"}],"wp:attachment":[{"href":"https:\/\/linitiative.ca\/International\/wp-json\/wp\/v2\/media?parent=124202"}],"wp:term":[{"taxonomy":"category","embeddable":true,"href":"https:\/\/linitiative.ca\/International\/wp-json\/wp\/v2\/categories?post=124202"},{"taxonomy":"post_tag","embeddable":true,"href":"https:\/\/linitiative.ca\/International\/wp-json\/wp\/v2\/tags?post=124202"}],"curies":[{"name":"wp","href":"https:\/\/api.w.org\/{rel}","templated":true}]}}