{"id":124204,"date":"2021-08-15T06:34:49","date_gmt":"2021-08-15T10:34:49","guid":{"rendered":"https:\/\/linitiative.ca\/International\/les-images-satellitaires-privilegient-la-piste-criminelle\/"},"modified":"2021-08-15T06:34:49","modified_gmt":"2021-08-15T10:34:49","slug":"les-images-satellitaires-privilegient-la-piste-criminelle","status":"publish","type":"post","link":"https:\/\/linitiative.ca\/International\/les-images-satellitaires-privilegient-la-piste-criminelle\/","title":{"rendered":"Les images satellitaires privil\u00e9gient la piste criminelle"},"content":{"rendered":"<div>\n<div class=\"sriret\"><img decoding=\"async\" src=\"https:\/\/linitiative.ca\/International\/wp-content\/uploads\/sites\/23\/2021\/08\/default-picture-709x366_c-26.jpg\"><\/div>\n<p>Les incendies de for\u00eat enregistr\u00e9s depuis lundi \u00e0 travers le pays sont d\u2019origine \u00abcriminelle\u00bb. Une th\u00e8se soutenue et confirm\u00e9e par plusieurs parties, y compris par les voix officielles. Le premier \u00e0 avoir d\u00e9nonc\u00e9 un \u00abacte criminel\u00bb \u00e0 quelques heures de leur d\u00e9clenchement est le conservateur des for\u00eats de Tizi Ouzou, soutenant, en connaissance de cause, que la simultan\u00e9it\u00e9 des incendies ne peut \u00eatre le fruit du hasard ou des conditions m\u00e9t\u00e9orologiques. Qui a mis le feu \u00e0 la Kabylie et dans d\u2019autres r\u00e9gions du pays\u00a0? Quand\u00a0? Et comment\u00a0?<\/p>\n<p>Le directeur g\u00e9n\u00e9ral de l\u2019Agence spatiale alg\u00e9rienne (ASAL), Azzedine Oussedik, parle d\u2019une situation in\u00e9dite. Selon lui, ceux qui ont mis le feu ont bien \u00e9tudi\u00e9 leur coup, \u00abtous les feux ont \u00e9t\u00e9 enregistr\u00e9s \u00e0 proximit\u00e9 des routes, du jamais-vu\u00a0!\u00bb. Invit\u00e9 du journal de Canal Alg\u00e9rie, M.\u00a0Oussedik livre les signes qui d\u00e9montrent qu\u2019il s\u2019agit bel et bien d\u2019un acte criminel. Pour lui, les d\u00e9parts de feu \u00e0 Tizi Ouzou sont tous \u00e0 proximit\u00e9 des routes et des pistes, alors que depuis 2003, date de la cr\u00e9ation de l\u2019Agence, il n\u2019a \u00e9t\u00e9 enregistr\u00e9 que quelques feux dans ces endroits, soit 1 sur 10, caus\u00e9s g\u00e9n\u00e9ralement par un m\u00e9got de cigarette ou alors suite \u00e0 un barbecue.<\/p>\n<p>*Retrouvez l\u2019int\u00e9gralit\u00e9 de nos articles sur la version papier<\/p>\n<p>L\u2019article <a rel=\"nofollow\" href=\"https:\/\/www.elwatan.com\/edition\/actualite\/les-images-satellitaires-privilegient-la-piste-criminelle-15-08-2021\">Les images satellitaires privil\u00e9gient la piste criminelle<\/a> est apparu en premier sur <a rel=\"nofollow\" href=\"https:\/\/www.elwatan.com\/\">El Watan<\/a>.<\/p>\n<\/div>\n<p>Auteur: Hicham Chouadria<br \/>\n<a href=\"https:\/\/www.elwatan.com\/edition\/actualite\/les-images-satellitaires-privilegient-la-piste-criminelle-15-08-2021\">Cliquez ici pour lire l&rsquo;article depuis sa source.<\/a><\/p>\n","protected":false},"excerpt":{"rendered":"<p>Les incendies de for\u00eat enregistr\u00e9s depuis lundi \u00e0 travers le pays sont d\u2019origine \u00abcriminelle\u00bb. Une th\u00e8se soutenue et confirm\u00e9e par plusieurs parties, y compris par les voix officielles. Le premier \u00e0 avoir d\u00e9nonc\u00e9 un \u00abacte criminel\u00bb \u00e0 quelques heures de leur d\u00e9clenchement est le conservateur des for\u00eats de Tizi Ouzou, soutenant, en connaissance de cause, [&hellip;]<\/p>\n","protected":false},"author":1743,"featured_media":0,"comment_status":"closed","ping_status":"closed","sticky":false,"template":"","format":"standard","meta":{"fifu_image_url":"https:\/\/www.elwatan.com\/wp-content\/themes\/spectr\/img\/default-picture-709x366_c.jpg","fifu_image_alt":"Les images satellitaires privil\u00e9gient la piste criminelle","footnotes":""},"categories":[73,53],"tags":[],"class_list":["post-124204","post","type-post","status-publish","format-standard","hentry","category-actualite","category-algerie"],"_links":{"self":[{"href":"https:\/\/linitiative.ca\/International\/wp-json\/wp\/v2\/posts\/124204","targetHints":{"allow":["GET"]}}],"collection":[{"href":"https:\/\/linitiative.ca\/International\/wp-json\/wp\/v2\/posts"}],"about":[{"href":"https:\/\/linitiative.ca\/International\/wp-json\/wp\/v2\/types\/post"}],"author":[{"embeddable":true,"href":"https:\/\/linitiative.ca\/International\/wp-json\/wp\/v2\/users\/1743"}],"replies":[{"embeddable":true,"href":"https:\/\/linitiative.ca\/International\/wp-json\/wp\/v2\/comments?post=124204"}],"version-history":[{"count":0,"href":"https:\/\/linitiative.ca\/International\/wp-json\/wp\/v2\/posts\/124204\/revisions"}],"wp:attachment":[{"href":"https:\/\/linitiative.ca\/International\/wp-json\/wp\/v2\/media?parent=124204"}],"wp:term":[{"taxonomy":"category","embeddable":true,"href":"https:\/\/linitiative.ca\/International\/wp-json\/wp\/v2\/categories?post=124204"},{"taxonomy":"post_tag","embeddable":true,"href":"https:\/\/linitiative.ca\/International\/wp-json\/wp\/v2\/tags?post=124204"}],"curies":[{"name":"wp","href":"https:\/\/api.w.org\/{rel}","templated":true}]}}