{"id":124206,"date":"2021-08-15T06:35:05","date_gmt":"2021-08-15T10:35:05","guid":{"rendered":"https:\/\/linitiative.ca\/International\/azouza-brulures-vives\/"},"modified":"2021-08-15T06:35:05","modified_gmt":"2021-08-15T10:35:05","slug":"azouza-brulures-vives","status":"publish","type":"post","link":"https:\/\/linitiative.ca\/International\/azouza-brulures-vives\/","title":{"rendered":"Azouza, br\u00fblures vives"},"content":{"rendered":"<div>\n<div class=\"sriret\"><img decoding=\"async\" src=\"https:\/\/linitiative.ca\/International\/wp-content\/uploads\/sites\/23\/2021\/08\/default-picture-709x366_c-27.jpg\"><\/div>\n<p>Pour ceux qui connaissent un peu la Kabylie et tout sp\u00e9cialement la r\u00e9gion de Larba\u00e2 Nath Irathen, le nom d\u2019Azouza \u00e9voque certainement quelque chose. Pour ceux qui ne le connaissent pas, c\u2019est le village natal d\u2019Abane Ramdane.<\/p>\n<p>Le h\u00e9ros de la R\u00e9volution y a vu le jour le 10 juin 1920. \u00abBienvenu au village natal de Abane Ramdane\u00bb, indique une plaque comm\u00e9morative \u00e0 l\u2019effigie de l\u2019ancien membre du CCE. Azouza est situ\u00e9 sur la RN15, \u00e0 quelques encablures de Larba\u00e2 Nath Irathen, \u00e0 environ 25 km au sud de Tizi Ouzou. En traversant le village ce mercredi, force nous a \u00e9t\u00e9 de constater que lui non plus n\u2019a pas \u00e9t\u00e9 \u00e9pargn\u00e9 par les flammes. Une forte \u00e9motion se lisait sur les visages. Beaucoup de peine aussi. Sur un flanc de la bourgade, d\u2019immenses \u00e9tendues n\u2019\u00e9taient plus que cendres. Figuiers, oliviers, m\u00fbriers, grenadiers, eucalyptus, ch\u00eanes, fr\u00eanes, buissons, maquis\u2026 tout a \u00e9t\u00e9 carbonis\u00e9. Et les habitations implant\u00e9es au milieu des champs ont fr\u00f4l\u00e9 la catastrophe.<\/p>\n<p>*Retrouvez l\u2019int\u00e9gralit\u00e9 de nos articles sur la version papier<\/p>\n<p>L\u2019article <a rel=\"nofollow\" href=\"https:\/\/www.elwatan.com\/edition\/actualite\/azouza-brulures-vives-15-08-2021\">Azouza, br\u00fblures vives<\/a> est apparu en premier sur <a rel=\"nofollow\" href=\"https:\/\/www.elwatan.com\/\">El Watan<\/a>.<\/p>\n<\/div>\n<p>Auteur: Hicham Chouadria<br \/>\n<a href=\"https:\/\/www.elwatan.com\/edition\/actualite\/azouza-brulures-vives-15-08-2021\">Cliquez ici pour lire l&rsquo;article depuis sa source.<\/a><\/p>\n","protected":false},"excerpt":{"rendered":"<p>Pour ceux qui connaissent un peu la Kabylie et tout sp\u00e9cialement la r\u00e9gion de Larba\u00e2 Nath Irathen, le nom d\u2019Azouza \u00e9voque certainement quelque chose. Pour ceux qui ne le connaissent pas, c\u2019est le village natal d\u2019Abane Ramdane. Le h\u00e9ros de la R\u00e9volution y a vu le jour le 10 juin 1920. \u00abBienvenu au village natal [&hellip;]<\/p>\n","protected":false},"author":1743,"featured_media":0,"comment_status":"closed","ping_status":"closed","sticky":false,"template":"","format":"standard","meta":{"fifu_image_url":"https:\/\/www.elwatan.com\/wp-content\/themes\/spectr\/img\/default-picture-709x366_c.jpg","fifu_image_alt":"Azouza, br\u00fblures vives","footnotes":""},"categories":[73,53],"tags":[],"class_list":["post-124206","post","type-post","status-publish","format-standard","hentry","category-actualite","category-algerie"],"_links":{"self":[{"href":"https:\/\/linitiative.ca\/International\/wp-json\/wp\/v2\/posts\/124206","targetHints":{"allow":["GET"]}}],"collection":[{"href":"https:\/\/linitiative.ca\/International\/wp-json\/wp\/v2\/posts"}],"about":[{"href":"https:\/\/linitiative.ca\/International\/wp-json\/wp\/v2\/types\/post"}],"author":[{"embeddable":true,"href":"https:\/\/linitiative.ca\/International\/wp-json\/wp\/v2\/users\/1743"}],"replies":[{"embeddable":true,"href":"https:\/\/linitiative.ca\/International\/wp-json\/wp\/v2\/comments?post=124206"}],"version-history":[{"count":0,"href":"https:\/\/linitiative.ca\/International\/wp-json\/wp\/v2\/posts\/124206\/revisions"}],"wp:attachment":[{"href":"https:\/\/linitiative.ca\/International\/wp-json\/wp\/v2\/media?parent=124206"}],"wp:term":[{"taxonomy":"category","embeddable":true,"href":"https:\/\/linitiative.ca\/International\/wp-json\/wp\/v2\/categories?post=124206"},{"taxonomy":"post_tag","embeddable":true,"href":"https:\/\/linitiative.ca\/International\/wp-json\/wp\/v2\/tags?post=124206"}],"curies":[{"name":"wp","href":"https:\/\/api.w.org\/{rel}","templated":true}]}}