{"id":124208,"date":"2021-08-15T06:38:45","date_gmt":"2021-08-15T10:38:45","guid":{"rendered":"https:\/\/linitiative.ca\/International\/bilan-partiel-des-feux-a-bejaia-2457-hectares-ravages-et-ce-nest-pas-fini\/"},"modified":"2021-08-15T06:38:45","modified_gmt":"2021-08-15T10:38:45","slug":"bilan-partiel-des-feux-a-bejaia-2457-hectares-ravages-et-ce-nest-pas-fini","status":"publish","type":"post","link":"https:\/\/linitiative.ca\/International\/bilan-partiel-des-feux-a-bejaia-2457-hectares-ravages-et-ce-nest-pas-fini\/","title":{"rendered":"Bilan partiel des feux \u00e0 B\u00e9ja\u00efa : 2457 hectares ravag\u00e9s et ce n\u2019est pas fini\u00a0!"},"content":{"rendered":"<div>\n<div class=\"sriret\"><img decoding=\"async\" src=\"https:\/\/linitiative.ca\/International\/wp-content\/uploads\/sites\/23\/2021\/08\/default-picture-709x366_c-28.jpg\"><\/div>\n<p>U ne dizaine de feux de for\u00eat \u00e9taient encore actifs hier dans plusieurs endroits de la wilaya de B\u00e9ja\u00efa, malgr\u00e9 le renfort des Canadairs qui larguaient continuellement des tonnes d\u2019eau. Sur la c\u00f4te est, Boukhelifa, Tizi n\u2019Berber et Souk El Tenine continuaient de br\u00fbler.<\/p>\n<p>Dans les massifs forestiers de Kendira, Toudja, Adekar, Akfadou et Beni Ksila, les flammes progressent avec autant de virulence qu\u2019\u00e0 leur naissance. Sept feux sont toujours actifs, et ce, depuis lundi, se d\u00e9pla\u00e7ant follement d\u2019un lieu \u00e0 un autre.<\/p>\n<p>*Retrouvez l\u2019int\u00e9gralit\u00e9 de nos articles sur la version papier<\/p>\n<p>L\u2019article <a rel=\"nofollow\" href=\"https:\/\/www.elwatan.com\/edition\/actualite\/bilan-partiel-des-feux-a-bejaia-2457-hectares-ravages-et-ce-nest-pas-fini-15-08-2021\">Bilan partiel des feux \u00e0 B\u00e9ja\u00efa : 2457 hectares ravag\u00e9s et ce n\u2019est pas fini\u00a0!<\/a> est apparu en premier sur <a rel=\"nofollow\" href=\"https:\/\/www.elwatan.com\/\">El Watan<\/a>.<\/p>\n<\/div>\n<p>Auteur: Hicham Chouadria<br \/>\n<a href=\"https:\/\/www.elwatan.com\/edition\/actualite\/bilan-partiel-des-feux-a-bejaia-2457-hectares-ravages-et-ce-nest-pas-fini-15-08-2021\">Cliquez ici pour lire l&rsquo;article depuis sa source.<\/a><\/p>\n","protected":false},"excerpt":{"rendered":"<p>U ne dizaine de feux de for\u00eat \u00e9taient encore actifs hier dans plusieurs endroits de la wilaya de B\u00e9ja\u00efa, malgr\u00e9 le renfort des Canadairs qui larguaient continuellement des tonnes d\u2019eau. Sur la c\u00f4te est, Boukhelifa, Tizi n\u2019Berber et Souk El Tenine continuaient de br\u00fbler. Dans les massifs forestiers de Kendira, Toudja, Adekar, Akfadou et Beni [&hellip;]<\/p>\n","protected":false},"author":1743,"featured_media":0,"comment_status":"closed","ping_status":"closed","sticky":false,"template":"","format":"standard","meta":{"fifu_image_url":"https:\/\/www.elwatan.com\/wp-content\/themes\/spectr\/img\/default-picture-709x366_c.jpg","fifu_image_alt":"Bilan partiel des feux \u00e0 B\u00e9ja\u00efa : 2457 hectares ravag\u00e9s et ce n\u2019est pas fini\u00a0!","footnotes":""},"categories":[73,53],"tags":[],"class_list":["post-124208","post","type-post","status-publish","format-standard","hentry","category-actualite","category-algerie"],"_links":{"self":[{"href":"https:\/\/linitiative.ca\/International\/wp-json\/wp\/v2\/posts\/124208","targetHints":{"allow":["GET"]}}],"collection":[{"href":"https:\/\/linitiative.ca\/International\/wp-json\/wp\/v2\/posts"}],"about":[{"href":"https:\/\/linitiative.ca\/International\/wp-json\/wp\/v2\/types\/post"}],"author":[{"embeddable":true,"href":"https:\/\/linitiative.ca\/International\/wp-json\/wp\/v2\/users\/1743"}],"replies":[{"embeddable":true,"href":"https:\/\/linitiative.ca\/International\/wp-json\/wp\/v2\/comments?post=124208"}],"version-history":[{"count":0,"href":"https:\/\/linitiative.ca\/International\/wp-json\/wp\/v2\/posts\/124208\/revisions"}],"wp:attachment":[{"href":"https:\/\/linitiative.ca\/International\/wp-json\/wp\/v2\/media?parent=124208"}],"wp:term":[{"taxonomy":"category","embeddable":true,"href":"https:\/\/linitiative.ca\/International\/wp-json\/wp\/v2\/categories?post=124208"},{"taxonomy":"post_tag","embeddable":true,"href":"https:\/\/linitiative.ca\/International\/wp-json\/wp\/v2\/tags?post=124208"}],"curies":[{"name":"wp","href":"https:\/\/api.w.org\/{rel}","templated":true}]}}