{"id":124210,"date":"2021-08-15T06:40:27","date_gmt":"2021-08-15T10:40:27","guid":{"rendered":"https:\/\/linitiative.ca\/International\/une-catastrophe-dune-ampleur-inedite\/"},"modified":"2021-08-15T06:40:27","modified_gmt":"2021-08-15T10:40:27","slug":"une-catastrophe-dune-ampleur-inedite","status":"publish","type":"post","link":"https:\/\/linitiative.ca\/International\/une-catastrophe-dune-ampleur-inedite\/","title":{"rendered":"Une catastrophe d\u2019une ampleur in\u00e9dite"},"content":{"rendered":"<div>\n<div class=\"sriret\"><img decoding=\"async\" src=\"https:\/\/linitiative.ca\/International\/wp-content\/uploads\/sites\/23\/2021\/08\/default-picture-709x366_c-29.jpg\"><\/div>\n<p>Les incendies ravageurs ont provoqu\u00e9 beaucoup de d\u00e9g\u00e2ts dans la wilaya de Tizi Ouzou. La situation est indescriptible. Des maires des localit\u00e9s les plus touch\u00e9es estiment qu\u2019il est urgent de penser \u00e0 la prise en charge effective des zones sinistr\u00e9es suite au d\u00e9sastre qu\u2019a connu la r\u00e9gion.<\/p>\n<p>Dajaffar Larabi, pr\u00e9sident de l\u2019APC d\u2019A\u00eft Agouacha, dans la da\u00efra de Larba\u00e2 Nath Irathene, nous a d\u00e9clar\u00e9, hier, que plus de 80% du territoire de sa commune a \u00e9t\u00e9 ravag\u00e9 par les flammes qui ont touch\u00e9 tous les villages et hameaux de cette municipalit\u00e9. \u00abNous d\u00e9plorons malheureusement sept d\u00e9c\u00e8s, tandis que le huiti\u00e8me n\u2019a pas encore \u00e9t\u00e9 identifi\u00e9. Il y a aussi 20 militaires qui sont morts et sept autres qui ont succomb\u00e9 \u00e0 leurs blessures \u00e0 l\u2019h\u00f4pital.<\/p>\n<p>*Retrouvez l\u2019int\u00e9gralit\u00e9 de nos articles sur la version papier<\/p>\n<p>L\u2019article <a rel=\"nofollow\" href=\"https:\/\/www.elwatan.com\/a-la-une\/une-catastrophe-dune-ampleur-inedite-15-08-2021\">Une catastrophe d\u2019une ampleur in\u00e9dite<\/a> est apparu en premier sur <a rel=\"nofollow\" href=\"https:\/\/www.elwatan.com\/\">El Watan<\/a>.<\/p>\n<\/div>\n<p>Auteur: Hicham Chouadria<br \/>\n<a href=\"https:\/\/www.elwatan.com\/a-la-une\/une-catastrophe-dune-ampleur-inedite-15-08-2021\">Cliquez ici pour lire l&rsquo;article depuis sa source.<\/a><\/p>\n","protected":false},"excerpt":{"rendered":"<p>Les incendies ravageurs ont provoqu\u00e9 beaucoup de d\u00e9g\u00e2ts dans la wilaya de Tizi Ouzou. La situation est indescriptible. Des maires des localit\u00e9s les plus touch\u00e9es estiment qu\u2019il est urgent de penser \u00e0 la prise en charge effective des zones sinistr\u00e9es suite au d\u00e9sastre qu\u2019a connu la r\u00e9gion. Dajaffar Larabi, pr\u00e9sident de l\u2019APC d\u2019A\u00eft Agouacha, dans [&hellip;]<\/p>\n","protected":false},"author":1743,"featured_media":0,"comment_status":"closed","ping_status":"closed","sticky":false,"template":"","format":"standard","meta":{"fifu_image_url":"https:\/\/www.elwatan.com\/wp-content\/themes\/spectr\/img\/default-picture-709x366_c.jpg","fifu_image_alt":"Une catastrophe d\u2019une ampleur in\u00e9dite","footnotes":""},"categories":[73,53],"tags":[],"class_list":["post-124210","post","type-post","status-publish","format-standard","hentry","category-actualite","category-algerie"],"_links":{"self":[{"href":"https:\/\/linitiative.ca\/International\/wp-json\/wp\/v2\/posts\/124210","targetHints":{"allow":["GET"]}}],"collection":[{"href":"https:\/\/linitiative.ca\/International\/wp-json\/wp\/v2\/posts"}],"about":[{"href":"https:\/\/linitiative.ca\/International\/wp-json\/wp\/v2\/types\/post"}],"author":[{"embeddable":true,"href":"https:\/\/linitiative.ca\/International\/wp-json\/wp\/v2\/users\/1743"}],"replies":[{"embeddable":true,"href":"https:\/\/linitiative.ca\/International\/wp-json\/wp\/v2\/comments?post=124210"}],"version-history":[{"count":0,"href":"https:\/\/linitiative.ca\/International\/wp-json\/wp\/v2\/posts\/124210\/revisions"}],"wp:attachment":[{"href":"https:\/\/linitiative.ca\/International\/wp-json\/wp\/v2\/media?parent=124210"}],"wp:term":[{"taxonomy":"category","embeddable":true,"href":"https:\/\/linitiative.ca\/International\/wp-json\/wp\/v2\/categories?post=124210"},{"taxonomy":"post_tag","embeddable":true,"href":"https:\/\/linitiative.ca\/International\/wp-json\/wp\/v2\/tags?post=124210"}],"curies":[{"name":"wp","href":"https:\/\/api.w.org\/{rel}","templated":true}]}}