{"id":124216,"date":"2021-08-15T15:00:00","date_gmt":"2021-08-15T19:00:00","guid":{"rendered":"https:\/\/linitiative.ca\/International\/le-jour-ou-lextreme-gauche-tunisienne-a-jete-nidaa-dans-les-bras-dennahdha\/"},"modified":"2021-08-15T15:00:00","modified_gmt":"2021-08-15T19:00:00","slug":"le-jour-ou-lextreme-gauche-tunisienne-a-jete-nidaa-dans-les-bras-dennahdha","status":"publish","type":"post","link":"https:\/\/linitiative.ca\/International\/le-jour-ou-lextreme-gauche-tunisienne-a-jete-nidaa-dans-les-bras-dennahdha\/","title":{"rendered":"Le jour o\u00f9 l\u2019extr\u00eame gauche tunisienne a jet\u00e9 Nidaa dans les bras d\u2019Ennahdha"},"content":{"rendered":"<div><img decoding=\"async\" src=\"https:\/\/linitiative.ca\/International\/wp-content\/uploads\/sites\/23\/2021\/08\/1629051060_article.jpg\" alt=\"Le jour o\u00f9 l\u2019extr\u00eame gauche tunisienne a jet\u00e9 Nidaa dans les bras d\u2019Ennahdha\" align=\"left\">Par H\u00e9di B\u00e9hi &#8211; \u00abEnfin les difficult\u00e9s commencent\u00bb : L\u00e9on Blum &#8211; un homme politique fran\u00e7ais qui a marqu\u00e9 son \u00e9poque &#8211; est tout dans cette exclamation. Cette phrase est pass\u00e9e a la post\u00e9rit\u00e9 sonne comme un d\u00e9fi.\u00a0 Nous sommes en1936. Cette grande figure du socialisme fran\u00e7ais, vient de former le gouvernement du Front Populaire. Homme de principes, refusera d&rsquo;abord toute alliance avec les communistes mais finira par engager son parti, la SFIO\u00a0 (la section fran\u00e7aise de l\u2019Internationale socialiste) dans un compromis historique avec les communistes apr\u00e8s des accords \u00e9lectoraux, non pas par opportunisme, mais parce qu&rsquo;il fallait faire pi\u00e8ce au fascisme et au nazisme qui &#8230;<\/p>\n<\/div>\n<p>Auteur:<br \/>\n<a href=\"https:\/\/www.leaders.com.tn\/article\/32259-le-jour-ou-l-extreme-gauche-tunisienne-a-jete-nidaa-dans-les-bras-d-ennahdha\">Cliquez ici pour lire l&rsquo;article depuis sa source.<\/a><\/p>\n","protected":false},"excerpt":{"rendered":"<p>Par H\u00e9di B\u00e9hi &#8211; \u00abEnfin les difficult\u00e9s commencent\u00bb : L\u00e9on Blum &#8211; un homme politique fran\u00e7ais qui a marqu\u00e9 son \u00e9poque &#8211; est tout dans cette exclamation. Cette phrase est pass\u00e9e a la post\u00e9rit\u00e9 sonne comme un d\u00e9fi.\u00a0 Nous sommes en1936. Cette grande figure du socialisme fran\u00e7ais, vient de former le gouvernement du Front Populaire. [&hellip;]<\/p>\n","protected":false},"author":1772,"featured_media":0,"comment_status":"closed","ping_status":"closed","sticky":false,"template":"","format":"standard","meta":{"fifu_image_url":"http:\/\/www.leaders.com.tn\/uploads\/content\/thumbnails_small\/1629051060_article.jpg","fifu_image_alt":"Le jour o\u00f9 l\u2019extr\u00eame gauche tunisienne a jet\u00e9 Nidaa dans les bras d\u2019Ennahdha","footnotes":""},"categories":[73,55],"tags":[],"class_list":["post-124216","post","type-post","status-publish","format-standard","hentry","category-actualite","category-tunisie"],"_links":{"self":[{"href":"https:\/\/linitiative.ca\/International\/wp-json\/wp\/v2\/posts\/124216","targetHints":{"allow":["GET"]}}],"collection":[{"href":"https:\/\/linitiative.ca\/International\/wp-json\/wp\/v2\/posts"}],"about":[{"href":"https:\/\/linitiative.ca\/International\/wp-json\/wp\/v2\/types\/post"}],"author":[{"embeddable":true,"href":"https:\/\/linitiative.ca\/International\/wp-json\/wp\/v2\/users\/1772"}],"replies":[{"embeddable":true,"href":"https:\/\/linitiative.ca\/International\/wp-json\/wp\/v2\/comments?post=124216"}],"version-history":[{"count":0,"href":"https:\/\/linitiative.ca\/International\/wp-json\/wp\/v2\/posts\/124216\/revisions"}],"wp:attachment":[{"href":"https:\/\/linitiative.ca\/International\/wp-json\/wp\/v2\/media?parent=124216"}],"wp:term":[{"taxonomy":"category","embeddable":true,"href":"https:\/\/linitiative.ca\/International\/wp-json\/wp\/v2\/categories?post=124216"},{"taxonomy":"post_tag","embeddable":true,"href":"https:\/\/linitiative.ca\/International\/wp-json\/wp\/v2\/tags?post=124216"}],"curies":[{"name":"wp","href":"https:\/\/api.w.org\/{rel}","templated":true}]}}