{"id":124223,"date":"2021-08-14T20:01:51","date_gmt":"2021-08-15T00:01:51","guid":{"rendered":"https:\/\/linitiative.ca\/International\/le-ministere-de-la-sante-dement-lhospitalisation-systematique-des-enfants-de-moins-de-15-ans-contamines\/"},"modified":"2021-08-14T20:01:51","modified_gmt":"2021-08-15T00:01:51","slug":"le-ministere-de-la-sante-dement-lhospitalisation-systematique-des-enfants-de-moins-de-15-ans-contamines","status":"publish","type":"post","link":"https:\/\/linitiative.ca\/International\/le-ministere-de-la-sante-dement-lhospitalisation-systematique-des-enfants-de-moins-de-15-ans-contamines\/","title":{"rendered":"Le minist\u00e8re de la Sant\u00e9 d\u00e9ment l\u2019hospitalisation syst\u00e9matique des enfants de moins de 15 ans contamin\u00e9s"},"content":{"rendered":"<div><img decoding=\"async\" width=\"1200\" height=\"628\" src=\"https:\/\/linitiative.ca\/International\/wp-content\/uploads\/sites\/23\/2021\/08\/covid-enfants-1.png\" class=\"attachment-post-thumbnail size-post-thumbnail wp-post-image\" alt=\"\" loading=\"lazy\" srcset=\"https:\/\/linitiative.ca\/International\/wp-content\/uploads\/sites\/23\/2021\/08\/covid-enfants-1.png 1200w, https:\/\/www.challenge.ma\/wp-content\/uploads\/2021\/08\/covid-enfants-1-300x157.png 300w, https:\/\/www.challenge.ma\/wp-content\/uploads\/2021\/08\/covid-enfants-1-1024x536.png 1024w, https:\/\/www.challenge.ma\/wp-content\/uploads\/2021\/08\/covid-enfants-1-768x402.png 768w, https:\/\/www.challenge.ma\/wp-content\/uploads\/2021\/08\/covid-enfants-1-360x188.png 360w, https:\/\/www.challenge.ma\/wp-content\/uploads\/2021\/08\/covid-enfants-1-750x393.png 750w\" sizes=\"auto, (max-width: 1200px) 100vw, 1200px\" itemprop=\"image\">Dans un communiqu\u00e9 publi\u00e9 ce samedi 14 ao\u00fbt 2021, le Minist\u00e8re de la Sant\u00e9 a tenu \u00e0 d\u00e9mentir l\u2019information diffus\u00e9e le m\u00eame jour par un m\u00e9dia, qui attribue au ministre la d\u00e9cision d\u2019hospitalisation syst\u00e9matique des enfants de moins de 15 ans contamin\u00e9s, dans le cadre de la lutte contre la<\/div>\n<p>Auteur: challenge<br \/>\n<a href=\"https:\/\/www.challenge.ma\/le-ministere-de-la-sante-dement-lhospitalisation-systematique-des-enfants-moins-de-15-ans-contamines-195761\/\">Cliquez ici pour lire l&rsquo;article depuis sa source.<\/a><\/p>\n","protected":false},"excerpt":{"rendered":"<p>Dans un communiqu\u00e9 publi\u00e9 ce samedi 14 ao\u00fbt 2021, le Minist\u00e8re de la Sant\u00e9 a tenu \u00e0 d\u00e9mentir l\u2019information diffus\u00e9e le m\u00eame jour par un m\u00e9dia, qui attribue au ministre la d\u00e9cision d\u2019hospitalisation syst\u00e9matique des enfants de moins de 15 ans contamin\u00e9s, dans le cadre de la lutte contre la Auteur: challenge Cliquez ici pour [&hellip;]<\/p>\n","protected":false},"author":1787,"featured_media":0,"comment_status":"closed","ping_status":"closed","sticky":false,"template":"","format":"standard","meta":{"fifu_image_url":"https:\/\/www.challenge.ma\/wp-content\/uploads\/2021\/08\/covid-enfants-1.png","fifu_image_alt":"Le minist\u00e8re de la Sant\u00e9 d\u00e9ment l\u2019hospitalisation syst\u00e9matique des enfants de moins de 15 ans contamin\u00e9s","footnotes":""},"categories":[78,54],"tags":[],"class_list":["post-124223","post","type-post","status-publish","format-standard","hentry","category-economie","category-maroc"],"_links":{"self":[{"href":"https:\/\/linitiative.ca\/International\/wp-json\/wp\/v2\/posts\/124223","targetHints":{"allow":["GET"]}}],"collection":[{"href":"https:\/\/linitiative.ca\/International\/wp-json\/wp\/v2\/posts"}],"about":[{"href":"https:\/\/linitiative.ca\/International\/wp-json\/wp\/v2\/types\/post"}],"author":[{"embeddable":true,"href":"https:\/\/linitiative.ca\/International\/wp-json\/wp\/v2\/users\/1787"}],"replies":[{"embeddable":true,"href":"https:\/\/linitiative.ca\/International\/wp-json\/wp\/v2\/comments?post=124223"}],"version-history":[{"count":0,"href":"https:\/\/linitiative.ca\/International\/wp-json\/wp\/v2\/posts\/124223\/revisions"}],"wp:attachment":[{"href":"https:\/\/linitiative.ca\/International\/wp-json\/wp\/v2\/media?parent=124223"}],"wp:term":[{"taxonomy":"category","embeddable":true,"href":"https:\/\/linitiative.ca\/International\/wp-json\/wp\/v2\/categories?post=124223"},{"taxonomy":"post_tag","embeddable":true,"href":"https:\/\/linitiative.ca\/International\/wp-json\/wp\/v2\/tags?post=124223"}],"curies":[{"name":"wp","href":"https:\/\/api.w.org\/{rel}","templated":true}]}}