{"id":124229,"date":"2021-08-15T13:54:41","date_gmt":"2021-08-15T17:54:41","guid":{"rendered":"https:\/\/linitiative.ca\/International\/gbagbo-affi-nguessan\/"},"modified":"2021-08-15T13:54:41","modified_gmt":"2021-08-15T17:54:41","slug":"gbagbo-affi-nguessan","status":"publish","type":"post","link":"https:\/\/linitiative.ca\/International\/gbagbo-affi-nguessan\/","title":{"rendered":"GBAGBO \/ AFFI N\u2019GUESSAN"},"content":{"rendered":"<div>\n<p><img decoding=\"async\" width=\"720\" height=\"486\" src=\"https:\/\/linitiative.ca\/International\/wp-content\/uploads\/sites\/23\/2021\/08\/affi-gbagbo-4.jpg\" class=\"attachment- size- wp-post-image\" alt=\"\" loading=\"lazy\" style=\"float:left; margin:0 15px 15px 0;\" srcset=\"https:\/\/linitiative.ca\/International\/wp-content\/uploads\/sites\/23\/2021\/08\/affi-gbagbo-4.jpg 720w, https:\/\/lepays.bf\/wp-content\/uploads\/2021\/08\/affi-gbagbo-4-300x203.jpg 300w, https:\/\/lepays.bf\/wp-content\/uploads\/2021\/08\/affi-gbagbo-4-220x150.jpg 220w\" sizes=\"auto, (max-width: 720px) 100vw, 720px\">Apr\u00e8s la rencontre extraordinaire du comit\u00e9 central du Front populaire ivoirien (FPI) convoqu\u00e9e le 9 ao\u00fbt dernier, par Laurent Gbagbo, c\u2019\u00e9tait au tour de son ancien Premier ministre, Pascal Affi N\u2019Guessan de tenir la sienne le 14 ao\u00fbt dernier dans la capitale \u00e9conomique ivoirienne. Et le moins que l\u2019on puisse dire, c\u2019est que la guerre \u2026<\/p>\n<p>L\u2019article <a rel=\"nofollow\" href=\"https:\/\/lepays.bf\/gbagbo-affi-nguessan\/\">GBAGBO \/ AFFI N\u2019GUESSAN<\/a> est apparu en premier sur <a rel=\"nofollow\" href=\"https:\/\/lepays.bf\/\">Editions Le Pays<\/a>.<\/p>\n<\/div>\n<p>Auteur: Editions LEPAYS<br \/>\n<a href=\"https:\/\/lepays.bf\/gbagbo-affi-nguessan\/\">Cliquez ici pour lire l&rsquo;article depuis sa source.<\/a><\/p>\n","protected":false},"excerpt":{"rendered":"<p>Apr\u00e8s la rencontre extraordinaire du comit\u00e9 central du Front populaire ivoirien (FPI) convoqu\u00e9e le 9 ao\u00fbt dernier, par Laurent Gbagbo, c\u2019\u00e9tait au tour de son ancien Premier ministre, Pascal Affi N\u2019Guessan de tenir la sienne le 14 ao\u00fbt dernier dans la capitale \u00e9conomique ivoirienne. Et le moins que l\u2019on puisse dire, c\u2019est que la guerre [&hellip;]<\/p>\n","protected":false},"author":1813,"featured_media":0,"comment_status":"closed","ping_status":"closed","sticky":false,"template":"","format":"standard","meta":{"fifu_image_url":"https:\/\/lepays.bf\/wp-content\/uploads\/2021\/08\/affi-gbagbo-4.jpg","fifu_image_alt":"GBAGBO \/ AFFI N\u2019GUESSAN","footnotes":""},"categories":[73,81],"tags":[],"class_list":["post-124229","post","type-post","status-publish","format-standard","hentry","category-actualite","category-burkina-faso"],"_links":{"self":[{"href":"https:\/\/linitiative.ca\/International\/wp-json\/wp\/v2\/posts\/124229","targetHints":{"allow":["GET"]}}],"collection":[{"href":"https:\/\/linitiative.ca\/International\/wp-json\/wp\/v2\/posts"}],"about":[{"href":"https:\/\/linitiative.ca\/International\/wp-json\/wp\/v2\/types\/post"}],"author":[{"embeddable":true,"href":"https:\/\/linitiative.ca\/International\/wp-json\/wp\/v2\/users\/1813"}],"replies":[{"embeddable":true,"href":"https:\/\/linitiative.ca\/International\/wp-json\/wp\/v2\/comments?post=124229"}],"version-history":[{"count":0,"href":"https:\/\/linitiative.ca\/International\/wp-json\/wp\/v2\/posts\/124229\/revisions"}],"wp:attachment":[{"href":"https:\/\/linitiative.ca\/International\/wp-json\/wp\/v2\/media?parent=124229"}],"wp:term":[{"taxonomy":"category","embeddable":true,"href":"https:\/\/linitiative.ca\/International\/wp-json\/wp\/v2\/categories?post=124229"},{"taxonomy":"post_tag","embeddable":true,"href":"https:\/\/linitiative.ca\/International\/wp-json\/wp\/v2\/tags?post=124229"}],"curies":[{"name":"wp","href":"https:\/\/api.w.org\/{rel}","templated":true}]}}