{"id":124231,"date":"2021-08-15T05:55:42","date_gmt":"2021-08-15T09:55:42","guid":{"rendered":"https:\/\/linitiative.ca\/International\/excellence-scolaire-2021-hugues-fabrice-zango-prime-les-3-meilleurs-eleves\/"},"modified":"2021-08-15T05:55:42","modified_gmt":"2021-08-15T09:55:42","slug":"excellence-scolaire-2021-hugues-fabrice-zango-prime-les-3-meilleurs-eleves","status":"publish","type":"post","link":"https:\/\/linitiative.ca\/International\/excellence-scolaire-2021-hugues-fabrice-zango-prime-les-3-meilleurs-eleves\/","title":{"rendered":"Excellence scolaire 2021 : Hugues Fabrice ZANGO prime les 3 meilleurs \u00e9l\u00e8ves."},"content":{"rendered":"<div>\n<p>Hugues Fabrice ZANGO, le premier Burkinab\u00e8 m\u00e9daill\u00e9 de bronze aux derniers Jeux olympiques de Tokyo, a prim\u00e9 le vendredi les 3 meilleurs \u00e9l\u00e8ves de l\u2019Excellence scolaire 2021. Il s\u2019est agi pour lui de r\u00e9compenser leur m\u00e9rite.<\/p>\n<p>Celui qui a su se r\u00e9v\u00e9ler au monde \u00e0 travers le sport a \u00e9galement eu un cursus scolaire et universitaire brillant. Hugues Fabrice ZANGO, ancien \u00e9l\u00e8ve \u00e9toile au CEP et BEPC niveau national, en rencontrant les trois \u00e9toiles de l\u2019Excellence scolaire 2021 dit \u00eatre venu accompagner et encourager l\u2019excellence. A cet effet, il a remis des primes d\u2019encouragement de 150 000 FCFA au 1er au CEP, de 200 000 FCFA au BEPC et 300 000 FCFA au 1er au BAC.<\/p>\n<p>A l\u2019en croire, c\u2019est une vision qu\u2019il a eu depuis longtemps et a toujours voulu \u00eatre excellent dans tout ce qu\u2019il entreprenait.<\/p>\n<p>Le m\u00e9daill\u00e9 de bronze, celui qui a rencontr\u00e9 le sport \u00e0 l\u2019\u00e2ge de 18 ans conseille que pour pouvoir \u00eatre 1er au CEP, au BEPC, ou au baccalaur\u00e9at et maintenir le cap, cela demand\u00e9 beaucoup d\u2019efforts.<\/p>\n<p>Hugues a \u00e9galement r\u00e9v\u00e9l\u00e9 que ce rythme de travail, cette r\u00e9gularit\u00e9 dans l\u2019excellence s\u2019est poursuivie de l\u2019\u00e9cole primaire jusqu\u2019\u00e0 l\u2019universit\u00e9, o\u00f9 il a tenu la t\u00eate du peloton en \u00e9tant major de sa promotion.<\/p>\n<p>Le repr\u00e9sentant du ministre, Pr Kalifa TRAORE a indiqu\u00e9 que Hugues ZANGO a d\u00e9montr\u00e9 que l\u2019on peut concilier \u00e9tudes et sport, vus ses r\u00e9sultats acad\u00e9mique et sportif. Toute chose qui montre que c\u2019est au bout de l\u2019effort que l\u2019on r\u00e9ussit.<\/p>\n<p>Le 1er au BAC D national s\u2019est r\u00e9joui du gestion de Zango et a affirm\u00e9 qu\u2019il est une source d\u2019inspiration pour lui.<\/p>\n<p style=\"text-align: right\"><strong>R\u00e9daction<\/strong><\/p>\n<p>\u00a0<\/p>\n<p>\u00a0<\/p>\n<p>\u00a0<\/p>\n<p>L\u2019article <a rel=\"nofollow\" href=\"https:\/\/www.sidwaya.info\/blog\/2021\/08\/15\/excellence-scolaire-2021-hugues-fabrice-zango-prime-les-3-meilleurs-eleves\/\">Excellence scolaire 2021 : Hugues Fabrice ZANGO prime les 3 meilleurs \u00e9l\u00e8ves.<\/a> est apparu en premier sur <a rel=\"nofollow\" href=\"https:\/\/www.sidwaya.info\/\">Quotidien Sidwaya<\/a>.<\/p>\n<\/div>\n<p>Auteur: Wamini SIDWAYA<br \/>\n<a href=\"https:\/\/www.sidwaya.info\/blog\/2021\/08\/15\/excellence-scolaire-2021-hugues-fabrice-zango-prime-les-3-meilleurs-eleves\/\">Cliquez ici pour lire l&rsquo;article depuis sa source.<\/a><\/p>\n","protected":false},"excerpt":{"rendered":"<p>Hugues Fabrice ZANGO, le premier Burkinab\u00e8 m\u00e9daill\u00e9 de bronze aux derniers Jeux olympiques de Tokyo, a prim\u00e9 le vendredi les 3 meilleurs \u00e9l\u00e8ves de l\u2019Excellence scolaire 2021. Il s\u2019est agi pour lui de r\u00e9compenser leur m\u00e9rite. Celui qui a su se r\u00e9v\u00e9ler au monde \u00e0 travers le sport a \u00e9galement eu un cursus scolaire et [&hellip;]<\/p>\n","protected":false},"author":1816,"featured_media":0,"comment_status":"closed","ping_status":"closed","sticky":false,"template":"","format":"standard","meta":{"fifu_image_url":"","fifu_image_alt":"","footnotes":""},"categories":[73,81],"tags":[],"class_list":["post-124231","post","type-post","status-publish","format-standard","hentry","category-actualite","category-burkina-faso"],"_links":{"self":[{"href":"https:\/\/linitiative.ca\/International\/wp-json\/wp\/v2\/posts\/124231","targetHints":{"allow":["GET"]}}],"collection":[{"href":"https:\/\/linitiative.ca\/International\/wp-json\/wp\/v2\/posts"}],"about":[{"href":"https:\/\/linitiative.ca\/International\/wp-json\/wp\/v2\/types\/post"}],"author":[{"embeddable":true,"href":"https:\/\/linitiative.ca\/International\/wp-json\/wp\/v2\/users\/1816"}],"replies":[{"embeddable":true,"href":"https:\/\/linitiative.ca\/International\/wp-json\/wp\/v2\/comments?post=124231"}],"version-history":[{"count":0,"href":"https:\/\/linitiative.ca\/International\/wp-json\/wp\/v2\/posts\/124231\/revisions"}],"wp:attachment":[{"href":"https:\/\/linitiative.ca\/International\/wp-json\/wp\/v2\/media?parent=124231"}],"wp:term":[{"taxonomy":"category","embeddable":true,"href":"https:\/\/linitiative.ca\/International\/wp-json\/wp\/v2\/categories?post=124231"},{"taxonomy":"post_tag","embeddable":true,"href":"https:\/\/linitiative.ca\/International\/wp-json\/wp\/v2\/tags?post=124231"}],"curies":[{"name":"wp","href":"https:\/\/api.w.org\/{rel}","templated":true}]}}