{"id":124232,"date":"2021-08-15T06:16:47","date_gmt":"2021-08-15T10:16:47","guid":{"rendered":"https:\/\/linitiative.ca\/International\/sud-ouest-sa-majeste-yari-ousse-chef-de-canton-de-gaoua-est-decede\/"},"modified":"2021-08-15T06:16:47","modified_gmt":"2021-08-15T10:16:47","slug":"sud-ouest-sa-majeste-yari-ousse-chef-de-canton-de-gaoua-est-decede","status":"publish","type":"post","link":"https:\/\/linitiative.ca\/International\/sud-ouest-sa-majeste-yari-ousse-chef-de-canton-de-gaoua-est-decede\/","title":{"rendered":"Sud-Ouest : Sa Majest\u00e9 Yari Ouss\u00e9, chef de canton de Gaoua est d\u00e9c\u00e9d\u00e9"},"content":{"rendered":"<div>\n<p>Sa Majest\u00e9 Yari Ouss\u00e9, chef de canton de Gaoua s\u2019en est all\u00e9. Dans un message sur sa page Facebook le pr\u00e9sident du Faso Roch Marc Christian Kabor\u00e9 a tenu \u00e0 lui rendre un hommage en ces termes :<\/p>\n<p>\u00ab Un sage s\u2019en est all\u00e9.<br \/>\nPaix \u00e0 l\u2019\u00e2me de sa Majest\u00e9 Yari Ouss\u00e9, chef de canton de Gaoua.<\/p>\n<p>Sinc\u00e8res condol\u00e9ances \u00e0 sa famille, \u00e0 ses proches et aux populations du canton de Gaoua \u00bb, a signifi\u00e9 Roch Marc Christian Kabor\u00e9.<\/p>\n<p>L\u2019article <a rel=\"nofollow\" href=\"https:\/\/www.sidwaya.info\/blog\/2021\/08\/15\/sud-ouest-sa-majeste-yari-ousse-chef-de-canton-de-gaoua-est-decede\/\">Sud-Ouest : Sa Majest\u00e9 Yari Ouss\u00e9, chef de canton de Gaoua est d\u00e9c\u00e9d\u00e9<\/a> est apparu en premier sur <a rel=\"nofollow\" href=\"https:\/\/www.sidwaya.info\/\">Quotidien Sidwaya<\/a>.<\/p>\n<\/div>\n<p>Auteur: Wamini SIDWAYA<br \/>\n<a href=\"https:\/\/www.sidwaya.info\/blog\/2021\/08\/15\/sud-ouest-sa-majeste-yari-ousse-chef-de-canton-de-gaoua-est-decede\/\">Cliquez ici pour lire l&rsquo;article depuis sa source.<\/a><\/p>\n","protected":false},"excerpt":{"rendered":"<p>Sa Majest\u00e9 Yari Ouss\u00e9, chef de canton de Gaoua s\u2019en est all\u00e9. Dans un message sur sa page Facebook le pr\u00e9sident du Faso Roch Marc Christian Kabor\u00e9 a tenu \u00e0 lui rendre un hommage en ces termes : \u00ab Un sage s\u2019en est all\u00e9. Paix \u00e0 l\u2019\u00e2me de sa Majest\u00e9 Yari Ouss\u00e9, chef de canton [&hellip;]<\/p>\n","protected":false},"author":1816,"featured_media":0,"comment_status":"closed","ping_status":"closed","sticky":false,"template":"","format":"standard","meta":{"fifu_image_url":"","fifu_image_alt":"","footnotes":""},"categories":[73,81],"tags":[],"class_list":["post-124232","post","type-post","status-publish","format-standard","hentry","category-actualite","category-burkina-faso"],"_links":{"self":[{"href":"https:\/\/linitiative.ca\/International\/wp-json\/wp\/v2\/posts\/124232","targetHints":{"allow":["GET"]}}],"collection":[{"href":"https:\/\/linitiative.ca\/International\/wp-json\/wp\/v2\/posts"}],"about":[{"href":"https:\/\/linitiative.ca\/International\/wp-json\/wp\/v2\/types\/post"}],"author":[{"embeddable":true,"href":"https:\/\/linitiative.ca\/International\/wp-json\/wp\/v2\/users\/1816"}],"replies":[{"embeddable":true,"href":"https:\/\/linitiative.ca\/International\/wp-json\/wp\/v2\/comments?post=124232"}],"version-history":[{"count":0,"href":"https:\/\/linitiative.ca\/International\/wp-json\/wp\/v2\/posts\/124232\/revisions"}],"wp:attachment":[{"href":"https:\/\/linitiative.ca\/International\/wp-json\/wp\/v2\/media?parent=124232"}],"wp:term":[{"taxonomy":"category","embeddable":true,"href":"https:\/\/linitiative.ca\/International\/wp-json\/wp\/v2\/categories?post=124232"},{"taxonomy":"post_tag","embeddable":true,"href":"https:\/\/linitiative.ca\/International\/wp-json\/wp\/v2\/tags?post=124232"}],"curies":[{"name":"wp","href":"https:\/\/api.w.org\/{rel}","templated":true}]}}