{"id":124233,"date":"2021-08-15T07:16:30","date_gmt":"2021-08-15T11:16:30","guid":{"rendered":"https:\/\/linitiative.ca\/International\/grande-mosquee-de-dioulassoba-le-minaret-central-finalement-a-terre\/"},"modified":"2021-08-15T07:16:30","modified_gmt":"2021-08-15T11:16:30","slug":"grande-mosquee-de-dioulassoba-le-minaret-central-finalement-a-terre","status":"publish","type":"post","link":"https:\/\/linitiative.ca\/International\/grande-mosquee-de-dioulassoba-le-minaret-central-finalement-a-terre\/","title":{"rendered":"Grande mosqu\u00e9e de Dioulassoba\u00a0: Le minaret central, finalement \u00e0 terre"},"content":{"rendered":"<div>\n<p><strong>Le reste du minaret principal de la grande mosqu\u00e9e de Dioulassoba, s\u2019est effondr\u00e9 dans la matin\u00e9e du vendredi 13 ao\u00fbt 2021. Une partie s\u2019\u00e9tait d\u00e9j\u00e0 \u00e9croul\u00e9e le dimanche dernier. <\/strong><\/p>\n<p><strong>\u00a0<\/strong>Le temps a finalement eu raison du minaret central de la grande mosqu\u00e9e de Dioulassoba. Le reste dudit minaret dont une portion s\u2019est \u00e9croul\u00e9e dimanche dernier, est finalement \u00e0 terre. Une d\u00e9molition \u00e9tait \u00e0 l\u2019ordre du jour, mais \u00e0 en croire le Pr\u00e9sident de la communaut\u00e9 musulmane de Bobo-Dioulasso, Amadou Sanogo, le minaret s\u2019est effondr\u00e9 d\u2019elle-m\u00eame ce jour aux environs de 11 heures.<\/p>\n<p>Quand nous arrivions sur les lieux aux environs de 16 heures, l\u2019heure \u00e9tait au d\u00e9blaiement. \u00a0\u00a0Aux dires de Amadou Sanogo, aucun autre d\u00e9g\u00e2t n\u2019a \u00e9t\u00e9 occasionn\u00e9 par l\u2019incident du jour. Au demeurant, il s\u2019est r\u00e9joui que\u00a0 le reste de la structure de la mosqu\u00e9e soit toujours intact.<\/p>\n<figure id=\"attachment_38541\" aria-describedby=\"caption-attachment-38541\" style=\"width: 900px\" class=\"wp-caption alignnone\"><img decoding=\"async\" loading=\"lazy\" class=\"wp-image-38541 size-full\" src=\"https:\/\/linitiative.ca\/International\/wp-content\/uploads\/sites\/23\/2021\/08\/ph-dioulass.jpg\" alt=\"\" width=\"900\" height=\"675\" srcset=\"https:\/\/linitiative.ca\/International\/wp-content\/uploads\/sites\/23\/2021\/08\/ph-dioulass.jpg 900w, https:\/\/www.sidwaya.info\/wp-content\/uploads\/2021\/08\/ph-dioulass-300x225.jpg 300w, https:\/\/www.sidwaya.info\/wp-content\/uploads\/2021\/08\/ph-dioulass-768x576.jpg 768w, https:\/\/www.sidwaya.info\/wp-content\/uploads\/2021\/08\/ph-dioulass-150x113.jpg 150w, https:\/\/www.sidwaya.info\/wp-content\/uploads\/2021\/08\/ph-dioulass-696x522.jpg 696w, https:\/\/www.sidwaya.info\/wp-content\/uploads\/2021\/08\/ph-dioulass-560x420.jpg 560w, https:\/\/www.sidwaya.info\/wp-content\/uploads\/2021\/08\/ph-dioulass-80x60.jpg 80w, https:\/\/www.sidwaya.info\/wp-content\/uploads\/2021\/08\/ph-dioulass-265x198.jpg 265w\" sizes=\"auto, (max-width: 900px) 100vw, 900px\"><figcaption id=\"caption-attachment-38541\" class=\"wp-caption-text\">Le Pr\u00e9sident de communaut\u00e9 musulmane de Bobo-Dioulasso, Amadou Sanogo, s\u2019est r\u00e9joui que le reste de la structure de la mosqu\u00e9e soit toujours intact.<\/figcaption><\/figure>\n<p>Il a par ailleurs rappel\u00e9 que le minaret en question n\u2019avait pas \u00e9t\u00e9 concern\u00e9 par la r\u00e9habilitation de 2017 faite par le minist\u00e8re de la culture. Des \u00e9tudes techniques devront \u00eatre commandit\u00e9es par le d\u00e9partement de la culture, pour une future r\u00e9habilitation de ce minaret.<\/p>\n<p style=\"text-align: right\"><strong>Alpha S\u00e9kou BARRY<\/strong><\/p>\n<p style=\"text-align: right\"><strong><a href=\"mailto:alphasekoubarry@gmail.com\">alphasekoubarry@gmail.com<\/a><\/strong><\/p>\n<p style=\"text-align: right\"><strong>Pascaline KANI<\/strong><\/p>\n<p style=\"text-align: right\"><strong>(Stagiaire)<\/strong><\/p>\n<p>L\u2019article <a rel=\"nofollow\" href=\"https:\/\/www.sidwaya.info\/blog\/2021\/08\/15\/grande-mosquee-de-dioulassoba-le-minaret-central-finalement-a-terre\/\">Grande mosqu\u00e9e de Dioulassoba\u00a0: Le minaret central, finalement \u00e0 terre<\/a> est apparu en premier sur <a rel=\"nofollow\" href=\"https:\/\/www.sidwaya.info\/\">Quotidien Sidwaya<\/a>.<\/p>\n<\/div>\n<p>Auteur: Wamini SIDWAYA<br \/>\n<a href=\"https:\/\/www.sidwaya.info\/blog\/2021\/08\/15\/grande-mosquee-de-dioulassoba-le-minaret-central-finalement-a-terre\/\">Cliquez ici pour lire l&rsquo;article depuis sa source.<\/a><\/p>\n","protected":false},"excerpt":{"rendered":"<p>Le reste du minaret principal de la grande mosqu\u00e9e de Dioulassoba, s\u2019est effondr\u00e9 dans la matin\u00e9e du vendredi 13 ao\u00fbt 2021. Une partie s\u2019\u00e9tait d\u00e9j\u00e0 \u00e9croul\u00e9e le dimanche dernier. \u00a0Le temps a finalement eu raison du minaret central de la grande mosqu\u00e9e de Dioulassoba. Le reste dudit minaret dont une portion s\u2019est \u00e9croul\u00e9e dimanche dernier, [&hellip;]<\/p>\n","protected":false},"author":1816,"featured_media":0,"comment_status":"closed","ping_status":"closed","sticky":false,"template":"","format":"standard","meta":{"fifu_image_url":"https:\/\/www.sidwaya.info\/wp-content\/uploads\/2021\/08\/ph-dioulass.jpg","fifu_image_alt":"Grande mosqu\u00e9e de Dioulassoba\u00a0: Le minaret central, finalement \u00e0 terre","footnotes":""},"categories":[73,81],"tags":[],"class_list":["post-124233","post","type-post","status-publish","format-standard","hentry","category-actualite","category-burkina-faso"],"_links":{"self":[{"href":"https:\/\/linitiative.ca\/International\/wp-json\/wp\/v2\/posts\/124233","targetHints":{"allow":["GET"]}}],"collection":[{"href":"https:\/\/linitiative.ca\/International\/wp-json\/wp\/v2\/posts"}],"about":[{"href":"https:\/\/linitiative.ca\/International\/wp-json\/wp\/v2\/types\/post"}],"author":[{"embeddable":true,"href":"https:\/\/linitiative.ca\/International\/wp-json\/wp\/v2\/users\/1816"}],"replies":[{"embeddable":true,"href":"https:\/\/linitiative.ca\/International\/wp-json\/wp\/v2\/comments?post=124233"}],"version-history":[{"count":0,"href":"https:\/\/linitiative.ca\/International\/wp-json\/wp\/v2\/posts\/124233\/revisions"}],"wp:attachment":[{"href":"https:\/\/linitiative.ca\/International\/wp-json\/wp\/v2\/media?parent=124233"}],"wp:term":[{"taxonomy":"category","embeddable":true,"href":"https:\/\/linitiative.ca\/International\/wp-json\/wp\/v2\/categories?post=124233"},{"taxonomy":"post_tag","embeddable":true,"href":"https:\/\/linitiative.ca\/International\/wp-json\/wp\/v2\/tags?post=124233"}],"curies":[{"name":"wp","href":"https:\/\/api.w.org\/{rel}","templated":true}]}}