{"id":124235,"date":"2021-08-14T20:18:01","date_gmt":"2021-08-15T00:18:01","guid":{"rendered":"https:\/\/linitiative.ca\/International\/cote-divoire-5-etudiants-laureats-dun-prix-dexcellence-dune-firme-belge\/"},"modified":"2021-08-14T20:18:01","modified_gmt":"2021-08-15T00:18:01","slug":"cote-divoire-5-etudiants-laureats-dun-prix-dexcellence-dune-firme-belge","status":"publish","type":"post","link":"https:\/\/linitiative.ca\/International\/cote-divoire-5-etudiants-laureats-dun-prix-dexcellence-dune-firme-belge\/","title":{"rendered":"C\u00f4te d\u2019Ivoire: 5 \u00e9tudiants laur\u00e9ats d\u2019un Prix d\u2019excellence d\u2019une firme belge"},"content":{"rendered":"<div>\n<p><img loading=\"lazy\" decoding=\"async\" width=\"800\" height=\"533\" src=\"https:\/\/linitiative.ca\/International\/wp-content\/uploads\/sites\/23\/2021\/08\/16289866825133.jpg\" class=\"attachment-post-thumbnail size-post-thumbnail wp-post-image\" alt=\"\" srcset=\"https:\/\/linitiative.ca\/International\/wp-content\/uploads\/sites\/23\/2021\/08\/16289866825133.jpg 800w, https:\/\/www.journalducameroun.com\/wp-content\/uploads\/2021\/08\/16289866825133-300x200.jpg 300w, https:\/\/www.journalducameroun.com\/wp-content\/uploads\/2021\/08\/16289866825133-768x512.jpg 768w, https:\/\/www.journalducameroun.com\/wp-content\/uploads\/2021\/08\/16289866825133-660x440.jpg 660w, https:\/\/www.journalducameroun.com\/wp-content\/uploads\/2021\/08\/16289866825133-600x400.jpg 600w\" sizes=\"auto, (max-width: 800px) 100vw, 800px\"><\/p>\n<p>Cinq \u00e9tudiants en facult\u00e9 de m\u00e9decine d&rsquo;Abidjan, laur\u00e9ats du Prix d&rsquo;excellence du concours \u00e9loquence et de la communication scientifique, de la firme pharmaceutique belge Dafra, ont \u00e9t\u00e9 distingu\u00e9s vendredi, lors d&rsquo;une c\u00e9r\u00e9monie.<\/p>\n<p>Trois \u00e9tudiants, pr\u00e9s\u00e9lectionn\u00e9s pour la finale du concours d&rsquo;\u00e9loquence, ont fait montre de leur art oratoire au cours d&rsquo;une soir\u00e9e de r\u00e9compense dans un h\u00f4tel au Plateau, le centre des Affaires d&rsquo;Abidjan, faisant un plaidoyer sur la pr\u00e9vention face \u00e0 la pand\u00e9mie de Covid-19.<\/p>\n<p>Le jury, au terme des passages, a d\u00e9cern\u00e9 la premi\u00e8re place \u00e0 Epiphane Kouadio Konan (Master 1), qui a remport\u00e9 le premier Prix du concours d&rsquo;\u00e9loquence dot\u00e9 d&rsquo;un ordinateur, un saturom\u00e8tre et un tensiom\u00e8tre.\u00a0<\/p>\n<p>La deuxi\u00e8me place a \u00e9t\u00e9 arrach\u00e9e par l&rsquo;\u00e9tudiante en m\u00e9decine Ginette D\u00e9sir\u00e9e Niaba (Licence 3), qui a re\u00e7u un t\u00e9l\u00e9phone portable et un saturom\u00e8tre. Le troisi\u00e8me prix est revenu \u00e0\u00a0Linda Emmanuella Koffi (Licence 3).\u00a0<\/p>\n<p>Pour la communication scientifique, un \u00ab\u00a0exercice de g\u00e9nie\u00a0\u00bb, selon le pr\u00e9sident du jury, le professeur Emmanuel Konan, chef du d\u00e9partement de chirurgie et sp\u00e9cialit\u00e9 chirurgicale \u00e0 l&rsquo;UFR \u00a0des sciences m\u00e9dicales d&rsquo;Abidjan, le premier Prix est revenu \u00e0 Pian Yann Yvan (Master 2).<\/p>\n<p>M. Pian Yann Yvan a eu comme r\u00e9compense un ordinateur, un ch\u00e8que de 100.000 Fcfa, un st\u00e9thoscope bivalent et un tensiom\u00e8tre, tandis que\u00a0Isaac Kouam\u00e9 Norman Klebair (Master 2), 2e du conccours de communication scientifique, il a r\u00e9ceptionn\u00e9 un ordinateur et un saturom\u00e8tre.\u00a0<\/p>\n<p>Le concours d&rsquo;\u00e9loquence avait pour objectif de faire un plaidoyer sur la pr\u00e9vention de la pand\u00e9mie de Covid-19, tandis que la communication scientifique, portait sur le th\u00e8me \u00ab\u00a0Sant\u00e9 maternelle: enjeux et perspectives en 2021\u00a0\u00bb. \u00a0<\/p>\n<p>Le concours d&rsquo;\u00e9loquence a cibl\u00e9 les \u00e9tudiants en m\u00e9decine, de niveau licence 1 et Master. Cependant, le concours de la communication scientifique ciblait les \u00e9tudiants les niveaux allant du Master au doctorat 1 et 2.\u00a0<\/p>\n<p>A travers ce Prix d&rsquo;excellence dans ces disciplines, la firme pharmaceutique belge veut promouvoir la culture d&rsquo;excellence en Afrique, o\u00f9 le laboratoire est pr\u00e9sent depuis bient\u00f4t 25 ans, dans une trentaine de pays.\u00a0<\/p>\n<p>Ce Prix d&rsquo;excellence est \u00e0 sa premi\u00e8re \u00e9dition en C\u00f4te d&rsquo;Ivoire. Le Togo est le premier pays a avoir accueilli ce projet, en 2020. La firme pharmaceutique envisage d&rsquo;\u00e9tendre ce prix, l&rsquo;ann\u00e9e prochaine, dans cinq pays dont le Burkina Faso.\u00a0<\/p>\n<p>Il permet par ailleurs aux \u00e9tudiants d&rsquo;aller au-del\u00e0 de ce qu&rsquo;on apprend dans les amphis et de leur donner d&rsquo;autres cordes \u00e0 leurs arcs. Des mots \u00e0 l&rsquo;endroit d&rsquo;un patient peut le gu\u00e9rir \u00e0 moiti\u00e9. Dans cette optique, le firme se veut une entreprise citoyenne.\u00a0<\/p>\n<p>La doyenne de l&rsquo;UFR des sciences m\u00e9dicales d&rsquo;Abidjan, le professeur B\u00e9atrice Mans\u00e9 Nandjui, s&rsquo;est f\u00e9licit\u00e9 de cette initiative qui permet aux \u00e9tudiants de tester leurs comp\u00e9tences et d&rsquo;affronter les d\u00e9fis dans le domaine m\u00e9dical. \u00a0<\/p>\n<p>Cet article <a rel=\"nofollow\" href=\"https:\/\/www.journalducameroun.com\/cote-divoire-5-etudiants-laureats-dun-prix-dexcellence-dune-firme-belge\/\">C\u00f4te d\u2019Ivoire: 5 \u00e9tudiants laur\u00e9ats d\u2019un Prix d\u2019excellence d\u2019une firme belge<\/a> est apparu en premier sur <a rel=\"nofollow\" href=\"https:\/\/www.journalducameroun.com\/\">Journal du Cameroun<\/a>.<\/p>\n<\/div>\n<p>Auteur: APA News<br \/>\n<a href=\"https:\/\/www.journalducameroun.com\/cote-divoire-5-etudiants-laureats-dun-prix-dexcellence-dune-firme-belge\/\">Cliquez ici pour lire l&rsquo;article depuis sa source.<\/a><\/p>\n","protected":false},"excerpt":{"rendered":"<p>Cinq \u00e9tudiants en facult\u00e9 de m\u00e9decine d&rsquo;Abidjan, laur\u00e9ats du Prix d&rsquo;excellence du concours \u00e9loquence et de la communication scientifique, de la firme pharmaceutique belge Dafra, ont \u00e9t\u00e9 distingu\u00e9s vendredi, lors d&rsquo;une c\u00e9r\u00e9monie. Trois \u00e9tudiants, pr\u00e9s\u00e9lectionn\u00e9s pour la finale du concours d&rsquo;\u00e9loquence, ont fait montre de leur art oratoire au cours d&rsquo;une soir\u00e9e de r\u00e9compense dans [&hellip;]<\/p>\n","protected":false},"author":1965,"featured_media":0,"comment_status":"closed","ping_status":"closed","sticky":false,"template":"","format":"standard","meta":{"fifu_image_url":"https:\/\/www.journalducameroun.com\/wp-content\/uploads\/2021\/08\/16289866825133.jpg","fifu_image_alt":"C\u00f4te d\u2019Ivoire: 5 \u00e9tudiants laur\u00e9ats d\u2019un Prix d\u2019excellence d\u2019une firme belge","footnotes":""},"categories":[73,82],"tags":[],"class_list":["post-124235","post","type-post","status-publish","format-standard","hentry","category-actualite","category-cameroun"],"_links":{"self":[{"href":"https:\/\/linitiative.ca\/International\/wp-json\/wp\/v2\/posts\/124235","targetHints":{"allow":["GET"]}}],"collection":[{"href":"https:\/\/linitiative.ca\/International\/wp-json\/wp\/v2\/posts"}],"about":[{"href":"https:\/\/linitiative.ca\/International\/wp-json\/wp\/v2\/types\/post"}],"author":[{"embeddable":true,"href":"https:\/\/linitiative.ca\/International\/wp-json\/wp\/v2\/users\/1965"}],"replies":[{"embeddable":true,"href":"https:\/\/linitiative.ca\/International\/wp-json\/wp\/v2\/comments?post=124235"}],"version-history":[{"count":0,"href":"https:\/\/linitiative.ca\/International\/wp-json\/wp\/v2\/posts\/124235\/revisions"}],"wp:attachment":[{"href":"https:\/\/linitiative.ca\/International\/wp-json\/wp\/v2\/media?parent=124235"}],"wp:term":[{"taxonomy":"category","embeddable":true,"href":"https:\/\/linitiative.ca\/International\/wp-json\/wp\/v2\/categories?post=124235"},{"taxonomy":"post_tag","embeddable":true,"href":"https:\/\/linitiative.ca\/International\/wp-json\/wp\/v2\/tags?post=124235"}],"curies":[{"name":"wp","href":"https:\/\/api.w.org\/{rel}","templated":true}]}}