{"id":124237,"date":"2021-08-15T03:18:01","date_gmt":"2021-08-15T07:18:01","guid":{"rendered":"https:\/\/linitiative.ca\/International\/loms-annonce-des-doses-de-vaccin-anti-ebola-en-cote-divoire\/"},"modified":"2021-08-15T03:18:01","modified_gmt":"2021-08-15T07:18:01","slug":"loms-annonce-des-doses-de-vaccin-anti-ebola-en-cote-divoire","status":"publish","type":"post","link":"https:\/\/linitiative.ca\/International\/loms-annonce-des-doses-de-vaccin-anti-ebola-en-cote-divoire\/","title":{"rendered":"L\u2019OMS annonce des doses de vaccin anti-Ebola en C\u00f4te d\u2019Ivoire"},"content":{"rendered":"<div>\n<p><img loading=\"lazy\" decoding=\"async\" width=\"696\" height=\"465\" src=\"https:\/\/linitiative.ca\/International\/wp-content\/uploads\/sites\/23\/2021\/08\/16290118824191.jpg\" class=\"attachment-post-thumbnail size-post-thumbnail wp-post-image\" alt=\"\" srcset=\"https:\/\/linitiative.ca\/International\/wp-content\/uploads\/sites\/23\/2021\/08\/16290118824191.jpg 696w, https:\/\/www.journalducameroun.com\/wp-content\/uploads\/2021\/08\/16290118824191-300x200.jpg 300w, https:\/\/www.journalducameroun.com\/wp-content\/uploads\/2021\/08\/16290118824191-659x440.jpg 659w, https:\/\/www.journalducameroun.com\/wp-content\/uploads\/2021\/08\/16290118824191-600x401.jpg 600w\" sizes=\"auto, (max-width: 696px) 100vw, 696px\"><\/p>\n<p>L&rsquo;Organisation mondiale de la sant\u00e9  (OMS) annonce des doses de vaccin anti-Ebola en C\u00f4te d&rsquo;Ivoire, apr\u00e8s un cas positif d\u00e9clar\u00e9 au CHU de Cocody, dans l&rsquo;Est d&rsquo;Abidjan, dans un communiqu\u00e9.<\/p>\n<p>\u00ab\u00a0L&rsquo;OMS apporte un appui dans le cadre de la coordination des activit\u00e9s transfrontali\u00e8res de lutte contre la maladie \u00e0 virus Ebola. Aujourd&rsquo;hui (samedi), 5000 doses de vaccin anti-Ebola, qui ont \u00e9t\u00e9 obtenues gr\u00e2ce au soutien de l&rsquo;Organisation pour combattre l&rsquo;\u00e9pid\u00e9mie en Guin\u00e9e, seront achemin\u00e9es vers la C\u00f4te d&rsquo;Ivoire gr\u00e2ce \u00e0 un accord entre les minist\u00e8res de la sant\u00e9 des deux pays\u00a0\u00bb, indique le communiqu\u00e9. \u00a0<\/p>\n<p>Un avion devrait d\u00e9coller bient\u00f4t d&rsquo;Abidjan pour recueillir les doses de vaccin qui serviront \u00e0 vacciner les personnes \u00e0 haut risque, notamment les agents de sant\u00e9, les premiers intervenants et les contacts des cas confirm\u00e9s, \u00a0souligne le communiqu\u00e9.\u00a0<\/p>\n<p>Le personnel de l&rsquo;OMS bas\u00e9 en C\u00f4te d&rsquo;Ivoire pr\u00eatera son concours \u00e0 l&rsquo;enqu\u00eate sur ce cas positif, assure l&rsquo;organisation, qui annonce en outre une \u00e9quipe multidisciplinaire d&rsquo;experts de l&rsquo;OMS couvrant tous les aspects essentiels de la riposte sera d\u00e9ploy\u00e9e rapidement sur le terrain.\u00a0<\/p>\n<p>Ces experts faciliteront le renforcement de la pr\u00e9vention et contr\u00f4le d&rsquo;infection dans les \u00e9tablissements de sant\u00e9, et fourniront un appui aux activit\u00e9s de diagnostic, de recherche des contacts, de traitement et de sensibilisation des communaut\u00e9s, qui doivent prendre une part active \u00e0 la riposte, mentionne le texte.\u00a0<\/p>\n<p>La C\u00f4te d&rsquo;Ivoire a notifi\u00e9 la flamb\u00e9e \u00e9pid\u00e9mique conform\u00e9ment au R\u00e8glement sanitaire international, et l&rsquo;OMS ne recommande aucune restriction de voyage \u00e0 destination ou en provenance du pays, souligne l&rsquo;organisation onusienne.\u00a0<\/p>\n<p>\u00ab Il est extr\u00eamement pr\u00e9occupant que cette \u00e9pid\u00e9mie ait \u00e9t\u00e9 d\u00e9clar\u00e9e \u00e0 Abidjan, une m\u00e9tropole de plus de quatre millions d&rsquo;habitants \u00bb, a d\u00e9clar\u00e9 Dr Matshidiso Moeti, Directrice r\u00e9gionale de l&rsquo;Organisation mondiale de la sant\u00e9 (OMS) pour l&rsquo;Afrique.<\/p>\n<p>\u00ab Cependant, l&rsquo;essentiel de l&rsquo;expertise mondiale en mati\u00e8re de lutte contre la maladie \u00e0 virus Ebola se trouve ici, sur le continent, et la C\u00f4te d&rsquo;Ivoire peut tirer parti de cette exp\u00e9rience pour acc\u00e9l\u00e9rer la riposte\u00a0\u00bb, a&#8211;t-elle ajout\u00e9.\u00a0<\/p>\n<p>Le minist\u00e8re ivoirien en charge de la sant\u00e9 a confirm\u00e9 samedi\u00a0le premier cas de maladie \u00e0 virus Ebola dans le pays depuis 1994. L&rsquo;annonce a \u00e9t\u00e9 faite officiellement apr\u00e8s que l&rsquo;Institut Pasteur de C\u00f4te d&rsquo;Ivoire a confirm\u00e9 la pr\u00e9sence du virus Ebola dans des \u00e9chantillons pr\u00e9lev\u00e9s sur une\u00a0patiente\u00a0en provenance de Guin\u00e9e, qui avait \u00e9t\u00e9 hospitalis\u00e9e \u00e0 Abidjan.<\/p>\n<p>Les premi\u00e8res enqu\u00eates ont r\u00e9v\u00e9l\u00e9 que la patiente s&rsquo;est rendue en C\u00f4te d&rsquo;Ivoire par voie terrestre et est arriv\u00e9 \u00e0 Abidjan le 12 ao\u00fbt. Elle a \u00e9t\u00e9 admise \u00e0 l&rsquo;h\u00f4pital \u00e0 la suite d&rsquo;une fi\u00e8vre et est actuellement sous traitement.<\/p>\n<p>Pendant quatre mois, une \u00e9pid\u00e9mie de maladie \u00e0 virus Ebola a s\u00e9vi en Guin\u00e9e, et a officiellement pris fin le 19\u00a0juin 2021. Aucun \u00e9l\u00e9ment n&rsquo;indique que le cas d\u00e9tect\u00e9 en C\u00f4te d&rsquo;Ivoire est li\u00e9 \u00e0 la r\u00e9cente flamb\u00e9e \u00e9pid\u00e9mique qui a touch\u00e9 la Guin\u00e9e.<\/p>\n<p>Une enqu\u00eate plus approfondie et un s\u00e9quen\u00e7age g\u00e9nomique devraient permettre d&rsquo;identifier la souche du virus et de d\u00e9terminer s&rsquo;il existe un lien entre les deux flamb\u00e9es. Pendant que les pays se concentrent sur la riposte \u00e0 la Covid-19, il devrait, selon l&rsquo;OMS se pr\u00e9parer \u00e0 faire face \u00e0 d&rsquo;\u00e9ventuels cas de maladie \u00e0 virus Ebola.<\/p>\n<p>Bien que la C\u00f4te d&rsquo;Ivoire ait des fronti\u00e8res communes avec la Guin\u00e9e et le Lib\u00e9ria, qui ont \u00e9t\u00e9 durement frapp\u00e9s par Ebola entre 2014 et 2016, le pays n&rsquo;a enregistr\u00e9 aucun cas confirm\u00e9 de la maladie \u00e0 virus Ebola depuis 1994,\u00a0l&rsquo;ann\u00e9e o\u00f9 un scientifique avait \u00e9t\u00e9 infect\u00e9 durant une \u00e9pid\u00e9mie chez les chimpanz\u00e9s.<\/p>\n<p>La maladie \u00e0 virus Ebola est une pathologie grave, souvent mortelle, qui touche les \u00eatres humains et d&rsquo;autres primates. Les taux de l\u00e9talit\u00e9 ont vari\u00e9 de 25 \u00e0 90 % lors des \u00e9pid\u00e9mies pr\u00e9c\u00e9dentes. N\u00e9anmoins, il existe d\u00e9sormais un traitement efficace.<\/p>\n<p>Cette ann\u00e9e, des \u00e9pid\u00e9mies de\u00a0la\u00a0maladie \u00e0 virus Ebola ont \u00e9t\u00e9 notifi\u00e9es en RDC et en Guin\u00e9e, mais c&rsquo;est la premi\u00e8re fois que la maladie se d\u00e9clenche dans une grande capitale comme Abidjan depuis l&rsquo;\u00e9pid\u00e9mie d&rsquo;Ebola qui a s\u00e9vi en Afrique de l&rsquo;Ouest entre 2014 et 2016.<\/p>\n<p>Cet article <a rel=\"nofollow\" href=\"https:\/\/www.journalducameroun.com\/loms-annonce-des-doses-de-vaccin-anti-ebola-en-cote-divoire\/\">L\u2019OMS annonce des doses de vaccin anti-Ebola en C\u00f4te d\u2019Ivoire<\/a> est apparu en premier sur <a rel=\"nofollow\" href=\"https:\/\/www.journalducameroun.com\/\">Journal du Cameroun<\/a>.<\/p>\n<\/div>\n<p>Auteur: APA News<br \/>\n<a href=\"https:\/\/www.journalducameroun.com\/loms-annonce-des-doses-de-vaccin-anti-ebola-en-cote-divoire\/\">Cliquez ici pour lire l&rsquo;article depuis sa source.<\/a><\/p>\n","protected":false},"excerpt":{"rendered":"<p>L&rsquo;Organisation mondiale de la sant\u00e9 (OMS) annonce des doses de vaccin anti-Ebola en C\u00f4te d&rsquo;Ivoire, apr\u00e8s un cas positif d\u00e9clar\u00e9 au CHU de Cocody, dans l&rsquo;Est d&rsquo;Abidjan, dans un communiqu\u00e9. \u00ab\u00a0L&rsquo;OMS apporte un appui dans le cadre de la coordination des activit\u00e9s transfrontali\u00e8res de lutte contre la maladie \u00e0 virus Ebola. Aujourd&rsquo;hui (samedi), 5000 doses [&hellip;]<\/p>\n","protected":false},"author":1965,"featured_media":0,"comment_status":"closed","ping_status":"closed","sticky":false,"template":"","format":"standard","meta":{"fifu_image_url":"https:\/\/www.journalducameroun.com\/wp-content\/uploads\/2021\/08\/16290118824191.jpg","fifu_image_alt":"L\u2019OMS annonce des doses de vaccin anti-Ebola en C\u00f4te d\u2019Ivoire","footnotes":""},"categories":[73,82],"tags":[],"class_list":["post-124237","post","type-post","status-publish","format-standard","hentry","category-actualite","category-cameroun"],"_links":{"self":[{"href":"https:\/\/linitiative.ca\/International\/wp-json\/wp\/v2\/posts\/124237","targetHints":{"allow":["GET"]}}],"collection":[{"href":"https:\/\/linitiative.ca\/International\/wp-json\/wp\/v2\/posts"}],"about":[{"href":"https:\/\/linitiative.ca\/International\/wp-json\/wp\/v2\/types\/post"}],"author":[{"embeddable":true,"href":"https:\/\/linitiative.ca\/International\/wp-json\/wp\/v2\/users\/1965"}],"replies":[{"embeddable":true,"href":"https:\/\/linitiative.ca\/International\/wp-json\/wp\/v2\/comments?post=124237"}],"version-history":[{"count":0,"href":"https:\/\/linitiative.ca\/International\/wp-json\/wp\/v2\/posts\/124237\/revisions"}],"wp:attachment":[{"href":"https:\/\/linitiative.ca\/International\/wp-json\/wp\/v2\/media?parent=124237"}],"wp:term":[{"taxonomy":"category","embeddable":true,"href":"https:\/\/linitiative.ca\/International\/wp-json\/wp\/v2\/categories?post=124237"},{"taxonomy":"post_tag","embeddable":true,"href":"https:\/\/linitiative.ca\/International\/wp-json\/wp\/v2\/tags?post=124237"}],"curies":[{"name":"wp","href":"https:\/\/api.w.org\/{rel}","templated":true}]}}