{"id":124239,"date":"2021-08-15T16:18:02","date_gmt":"2021-08-15T20:18:02","guid":{"rendered":"https:\/\/linitiative.ca\/International\/maroc-la-vaccination-elargie-aux-personnes-agees-de-18-ans-et-plus-ministere\/"},"modified":"2021-08-15T16:18:02","modified_gmt":"2021-08-15T20:18:02","slug":"maroc-la-vaccination-elargie-aux-personnes-agees-de-18-ans-et-plus-ministere","status":"publish","type":"post","link":"https:\/\/linitiative.ca\/International\/maroc-la-vaccination-elargie-aux-personnes-agees-de-18-ans-et-plus-ministere\/","title":{"rendered":"Maroc : La vaccination \u00e9largie aux personnes \u00e2g\u00e9es de 18 ans et plus (minist\u00e8re)"},"content":{"rendered":"<div>\n<p><img loading=\"lazy\" decoding=\"async\" width=\"318\" height=\"159\" src=\"https:\/\/linitiative.ca\/International\/wp-content\/uploads\/sites\/23\/2021\/08\/16290586827092.jpg\" class=\"attachment-post-thumbnail size-post-thumbnail wp-post-image\" alt=\"\" srcset=\"https:\/\/linitiative.ca\/International\/wp-content\/uploads\/sites\/23\/2021\/08\/16290586827092.jpg 318w, https:\/\/www.journalducameroun.com\/wp-content\/uploads\/2021\/08\/16290586827092-300x150.jpg 300w\" sizes=\"auto, (max-width: 318px) 100vw, 318px\"><\/p>\n<p>La campagne nationale de vaccination contre le nouveau coronavirus a \u00e9t\u00e9 \u00e9largie aux personnes \u00e2g\u00e9es de 18 ans et plus, a annonc\u00e9 le minist\u00e8re de la Sant\u00e9.Dans un communiqu\u00e9, le minist\u00e8re a soulign\u00e9 que dans le souci d&rsquo;acc\u00e9l\u00e9rer l&rsquo;op\u00e9ration de vaccination et de faciliter l&rsquo;acc\u00e8s au vaccin, les citoyens peuvent se diriger vers le centre de vaccination le plus proche, que ce soit pour la premi\u00e8re ou la deuxi\u00e8me dose, sans prendre en compte les conditions li\u00e9es au lieu et au pays de r\u00e9sidence.<\/p>\n<p>Il appelle en outre l&rsquo;ensemble des cat\u00e9gories cibl\u00e9es \u00e0 poursuivre l&rsquo;adh\u00e9sion \u00e0 ce chantier national majeur, tout en se conformant aux mesures de pr\u00e9vention avant et apr\u00e8s l&rsquo;op\u00e9ration de vaccination, afin de contribuer aux efforts visant \u00e0 endiguer le virus et progresser vers l&rsquo;immunit\u00e9 collective pour retrouver la vie normale.<\/p>\n<p>A ce jour, un total de 16.262.278 personnes a re\u00e7u, la premi\u00e8re dose du vaccin contre la COVID-19, alors que 11.402.066 personnes se sont vu administrer la deuxi\u00e8me dose, souligne-t-on de m\u00eame source.<\/p>\n<p>La campagne de vaccination, lanc\u00e9e le 28 janvier dernier, est une op\u00e9ration gratuite pour l&rsquo;ensemble des citoyens avec comme objectif d&rsquo;immuniser 80% de la population, de r\u00e9duire puis \u00e9liminer les cas de contamination et de d\u00e9c\u00e8s dus \u00e0 l&rsquo;\u00e9pid\u00e9mie et de contenir la propagation du virus.<\/p>\n<p>Cet article <a rel=\"nofollow\" href=\"https:\/\/www.journalducameroun.com\/maroc-la-vaccination-elargie-aux-personnes-agees-de-18-ans-et-plus-ministere\/\">Maroc : La vaccination \u00e9largie aux personnes \u00e2g\u00e9es de 18 ans et plus (minist\u00e8re)<\/a> est apparu en premier sur <a rel=\"nofollow\" href=\"https:\/\/www.journalducameroun.com\/\">Journal du Cameroun<\/a>.<\/p>\n<\/div>\n<p>Auteur: APA News<br \/>\n<a href=\"https:\/\/www.journalducameroun.com\/maroc-la-vaccination-elargie-aux-personnes-agees-de-18-ans-et-plus-ministere\/\">Cliquez ici pour lire l&rsquo;article depuis sa source.<\/a><\/p>\n","protected":false},"excerpt":{"rendered":"<p>La campagne nationale de vaccination contre le nouveau coronavirus a \u00e9t\u00e9 \u00e9largie aux personnes \u00e2g\u00e9es de 18 ans et plus, a annonc\u00e9 le minist\u00e8re de la Sant\u00e9.Dans un communiqu\u00e9, le minist\u00e8re a soulign\u00e9 que dans le souci d&rsquo;acc\u00e9l\u00e9rer l&rsquo;op\u00e9ration de vaccination et de faciliter l&rsquo;acc\u00e8s au vaccin, les citoyens peuvent se diriger vers le centre [&hellip;]<\/p>\n","protected":false},"author":1965,"featured_media":0,"comment_status":"closed","ping_status":"closed","sticky":false,"template":"","format":"standard","meta":{"fifu_image_url":"https:\/\/www.journalducameroun.com\/wp-content\/uploads\/2021\/08\/16290586827092.jpg","fifu_image_alt":"Maroc : La vaccination \u00e9largie aux personnes \u00e2g\u00e9es de 18 ans et plus (minist\u00e8re)","footnotes":""},"categories":[73,82],"tags":[],"class_list":["post-124239","post","type-post","status-publish","format-standard","hentry","category-actualite","category-cameroun"],"_links":{"self":[{"href":"https:\/\/linitiative.ca\/International\/wp-json\/wp\/v2\/posts\/124239","targetHints":{"allow":["GET"]}}],"collection":[{"href":"https:\/\/linitiative.ca\/International\/wp-json\/wp\/v2\/posts"}],"about":[{"href":"https:\/\/linitiative.ca\/International\/wp-json\/wp\/v2\/types\/post"}],"author":[{"embeddable":true,"href":"https:\/\/linitiative.ca\/International\/wp-json\/wp\/v2\/users\/1965"}],"replies":[{"embeddable":true,"href":"https:\/\/linitiative.ca\/International\/wp-json\/wp\/v2\/comments?post=124239"}],"version-history":[{"count":0,"href":"https:\/\/linitiative.ca\/International\/wp-json\/wp\/v2\/posts\/124239\/revisions"}],"wp:attachment":[{"href":"https:\/\/linitiative.ca\/International\/wp-json\/wp\/v2\/media?parent=124239"}],"wp:term":[{"taxonomy":"category","embeddable":true,"href":"https:\/\/linitiative.ca\/International\/wp-json\/wp\/v2\/categories?post=124239"},{"taxonomy":"post_tag","embeddable":true,"href":"https:\/\/linitiative.ca\/International\/wp-json\/wp\/v2\/tags?post=124239"}],"curies":[{"name":"wp","href":"https:\/\/api.w.org\/{rel}","templated":true}]}}