{"id":124241,"date":"2021-08-15T16:18:02","date_gmt":"2021-08-15T20:18:02","guid":{"rendered":"https:\/\/linitiative.ca\/International\/maroc-covid-19-7-380-cas-confirmes-et-84-deces-en-24h\/"},"modified":"2021-08-15T16:18:02","modified_gmt":"2021-08-15T20:18:02","slug":"maroc-covid-19-7-380-cas-confirmes-et-84-deces-en-24h","status":"publish","type":"post","link":"https:\/\/linitiative.ca\/International\/maroc-covid-19-7-380-cas-confirmes-et-84-deces-en-24h\/","title":{"rendered":"Maroc\/Covid-19 : 7.380 cas confirm\u00e9s et 84 d\u00e9c\u00e8s en 24h"},"content":{"rendered":"<div>\n<p><img loading=\"lazy\" decoding=\"async\" width=\"730\" height=\"410\" src=\"https:\/\/linitiative.ca\/International\/wp-content\/uploads\/sites\/23\/2021\/08\/16290586824201.jpg\" class=\"attachment-post-thumbnail size-post-thumbnail wp-post-image\" alt=\"\" srcset=\"https:\/\/linitiative.ca\/International\/wp-content\/uploads\/sites\/23\/2021\/08\/16290586824201.jpg 730w, https:\/\/www.journalducameroun.com\/wp-content\/uploads\/2021\/08\/16290586824201-300x168.jpg 300w, https:\/\/www.journalducameroun.com\/wp-content\/uploads\/2021\/08\/16290586824201-160x90.jpg 160w, https:\/\/www.journalducameroun.com\/wp-content\/uploads\/2021\/08\/16290586824201-240x135.jpg 240w, https:\/\/www.journalducameroun.com\/wp-content\/uploads\/2021\/08\/16290586824201-600x337.jpg 600w\" sizes=\"auto, (max-width: 730px) 100vw, 730px\"><\/p>\n<p>Le Maroc a enregistr\u00e9 dimanche\u00a07.380 nouveaux cas d&rsquo;infection au Covid-19, ce qui porte \u00e0 759.456\u00a0le nombre total des cas de contamination, a indiqu\u00e9 le bulletin quotidien du minist\u00e8re de la Sant\u00e9.Quant au nombre de personnes d\u00e9clar\u00e9es gu\u00e9ries, celui-ci s&rsquo;est \u00e9lev\u00e9 \u00e0 667.230 avec 9.272 nouvelles r\u00e9missions, a pr\u00e9cis\u00e9 la m\u00eame source, notant que le taux de r\u00e9mission a atteint 87,9%.<\/p>\n<p>Le minist\u00e8re a \u00e9galement annonc\u00e9 84\u00a0nouveaux d\u00e9c\u00e8s enregistr\u00e9s durant ces derni\u00e8res 24 heures. Le nombre de morts du nouveau coronavirus s&rsquo;\u00e9tablit ainsi \u00e0 11.017\u00a0et le taux de l\u00e9talit\u00e9 \u00e0\u00a01,5%.<\/p>\n<p>Concernant les cas actifs encore sous traitement ou suivi m\u00e9dical, le minist\u00e8re fait savoir que leur nombre a atteint 81.209 personnes (-1.976 ), dont 2.350 (+108) cas graves. Il a soulign\u00e9 en outre que le taux d&rsquo;occupation des lits de r\u00e9animation Covid est pass\u00e9 \u00e0 52%.<\/p>\n<p>Le nombre de b\u00e9n\u00e9ficiaires de l&rsquo;op\u00e9ration de vaccination a atteint 16.262.278 (+21.874) pour la premi\u00e8re dose et 11.402.066 (+12.411) pour la deuxi\u00e8me.<\/p>\n<p>Cet article <a rel=\"nofollow\" href=\"https:\/\/www.journalducameroun.com\/maroc-covid-19-7-380-cas-confirmes-et-84-deces-en-24h\/\">Maroc\/Covid-19 : 7.380 cas confirm\u00e9s et 84 d\u00e9c\u00e8s en 24h<\/a> est apparu en premier sur <a rel=\"nofollow\" href=\"https:\/\/www.journalducameroun.com\/\">Journal du Cameroun<\/a>.<\/p>\n<\/div>\n<p>Auteur: APA News<br \/>\n<a href=\"https:\/\/www.journalducameroun.com\/maroc-covid-19-7-380-cas-confirmes-et-84-deces-en-24h\/\">Cliquez ici pour lire l&rsquo;article depuis sa source.<\/a><\/p>\n","protected":false},"excerpt":{"rendered":"<p>Le Maroc a enregistr\u00e9 dimanche\u00a07.380 nouveaux cas d&rsquo;infection au Covid-19, ce qui porte \u00e0 759.456\u00a0le nombre total des cas de contamination, a indiqu\u00e9 le bulletin quotidien du minist\u00e8re de la Sant\u00e9.Quant au nombre de personnes d\u00e9clar\u00e9es gu\u00e9ries, celui-ci s&rsquo;est \u00e9lev\u00e9 \u00e0 667.230 avec 9.272 nouvelles r\u00e9missions, a pr\u00e9cis\u00e9 la m\u00eame source, notant que le taux [&hellip;]<\/p>\n","protected":false},"author":1965,"featured_media":0,"comment_status":"closed","ping_status":"closed","sticky":false,"template":"","format":"standard","meta":{"fifu_image_url":"https:\/\/www.journalducameroun.com\/wp-content\/uploads\/2021\/08\/16290586824201.jpg","fifu_image_alt":"Maroc\/Covid-19 : 7.380 cas confirm\u00e9s et 84 d\u00e9c\u00e8s en 24h","footnotes":""},"categories":[73,82],"tags":[],"class_list":["post-124241","post","type-post","status-publish","format-standard","hentry","category-actualite","category-cameroun"],"_links":{"self":[{"href":"https:\/\/linitiative.ca\/International\/wp-json\/wp\/v2\/posts\/124241","targetHints":{"allow":["GET"]}}],"collection":[{"href":"https:\/\/linitiative.ca\/International\/wp-json\/wp\/v2\/posts"}],"about":[{"href":"https:\/\/linitiative.ca\/International\/wp-json\/wp\/v2\/types\/post"}],"author":[{"embeddable":true,"href":"https:\/\/linitiative.ca\/International\/wp-json\/wp\/v2\/users\/1965"}],"replies":[{"embeddable":true,"href":"https:\/\/linitiative.ca\/International\/wp-json\/wp\/v2\/comments?post=124241"}],"version-history":[{"count":0,"href":"https:\/\/linitiative.ca\/International\/wp-json\/wp\/v2\/posts\/124241\/revisions"}],"wp:attachment":[{"href":"https:\/\/linitiative.ca\/International\/wp-json\/wp\/v2\/media?parent=124241"}],"wp:term":[{"taxonomy":"category","embeddable":true,"href":"https:\/\/linitiative.ca\/International\/wp-json\/wp\/v2\/categories?post=124241"},{"taxonomy":"post_tag","embeddable":true,"href":"https:\/\/linitiative.ca\/International\/wp-json\/wp\/v2\/tags?post=124241"}],"curies":[{"name":"wp","href":"https:\/\/api.w.org\/{rel}","templated":true}]}}