{"id":124243,"date":"2021-08-15T16:18:02","date_gmt":"2021-08-15T20:18:02","guid":{"rendered":"https:\/\/linitiative.ca\/International\/jeux-paralympiques-tokyo-2020-le-maroc-represente-par-38-athletes\/"},"modified":"2021-08-15T16:18:02","modified_gmt":"2021-08-15T20:18:02","slug":"jeux-paralympiques-tokyo-2020-le-maroc-represente-par-38-athletes","status":"publish","type":"post","link":"https:\/\/linitiative.ca\/International\/jeux-paralympiques-tokyo-2020-le-maroc-represente-par-38-athletes\/","title":{"rendered":"Jeux Paralympiques Tokyo 2020 : Le Maroc repr\u00e9sent\u00e9 par 38 athl\u00e8tes"},"content":{"rendered":"<div>\n<p><img loading=\"lazy\" decoding=\"async\" width=\"292\" height=\"172\" src=\"https:\/\/linitiative.ca\/International\/wp-content\/uploads\/sites\/23\/2021\/08\/16290586829464.jpg\" class=\"attachment-post-thumbnail size-post-thumbnail wp-post-image\" alt=\"\"><\/p>\n<p>Le Maroc sera repr\u00e9sent\u00e9 \u00e0 la 16\u00e8me \u00e9dition des Jeux paralympiques Tokyo 2020 par une d\u00e9l\u00e9gation de 38 athl\u00e8tes, la plus grande de son histoire, a annonc\u00e9 la F\u00e9d\u00e9ration Royale marocaine des sports pour personnes en situation de handicap.La d\u00e9l\u00e9gation marocaine, devant participer \u00e0 cette messe sportive mondiale pr\u00e9vue du 24 ao\u00fbt au 05 septembre, sera compos\u00e9e de 19 athl\u00e8tes en para-athl\u00e9tisme, 10 en football \u00e0 cinq d\u00e9ficients visuels (c\u00e9cifoot), 3 en dynamophilie (para-power lifting), 3 en para-taekwondo, 2 en tennis en fauteuil roulant et un cycliste.<\/p>\n<p>Les athl\u00e8tes marocains tenteront de faire mieux que les \u00e9ditions de 2012 (6 m\u00e9dailles) et de 2016 (7 m\u00e9dailles) en capitalisant sur l&rsquo;exp\u00e9rience accumul\u00e9e par ses champions.<\/p>\n<p>La F\u00e9d\u00e9ration avait indiqu\u00e9 que la d\u00e9l\u00e9gation marocaine devrait faire le voyage \u00e0 Tokyo en 3 \u00e9tapes, soit trois d\u00e9parts : le 18 ao\u00fbt, le 21 ao\u00fbt et finalement le 25 ao\u00fbt. Tous les para-athl\u00e8tes ont re\u00e7u les deux doses du vaccin anti-Covid-19, mais devraient quand m\u00eame se soumettre aux mesures sanitaires strictes impos\u00e9es par le Japon.<\/p>\n<p>Cet article <a rel=\"nofollow\" href=\"https:\/\/www.journalducameroun.com\/jeux-paralympiques-tokyo-2020-le-maroc-represente-par-38-athletes\/\">Jeux Paralympiques Tokyo 2020 : Le Maroc repr\u00e9sent\u00e9 par 38 athl\u00e8tes<\/a> est apparu en premier sur <a rel=\"nofollow\" href=\"https:\/\/www.journalducameroun.com\/\">Journal du Cameroun<\/a>.<\/p>\n<\/div>\n<p>Auteur: APA News<br \/>\n<a href=\"https:\/\/www.journalducameroun.com\/jeux-paralympiques-tokyo-2020-le-maroc-represente-par-38-athletes\/\">Cliquez ici pour lire l&rsquo;article depuis sa source.<\/a><\/p>\n","protected":false},"excerpt":{"rendered":"<p>Le Maroc sera repr\u00e9sent\u00e9 \u00e0 la 16\u00e8me \u00e9dition des Jeux paralympiques Tokyo 2020 par une d\u00e9l\u00e9gation de 38 athl\u00e8tes, la plus grande de son histoire, a annonc\u00e9 la F\u00e9d\u00e9ration Royale marocaine des sports pour personnes en situation de handicap.La d\u00e9l\u00e9gation marocaine, devant participer \u00e0 cette messe sportive mondiale pr\u00e9vue du 24 ao\u00fbt au 05 septembre, [&hellip;]<\/p>\n","protected":false},"author":1965,"featured_media":0,"comment_status":"closed","ping_status":"closed","sticky":false,"template":"","format":"standard","meta":{"fifu_image_url":"https:\/\/www.journalducameroun.com\/wp-content\/uploads\/2021\/08\/16290586829464.jpg","fifu_image_alt":"Jeux Paralympiques Tokyo 2020 : Le Maroc repr\u00e9sent\u00e9 par 38 athl\u00e8tes","footnotes":""},"categories":[73,82],"tags":[],"class_list":["post-124243","post","type-post","status-publish","format-standard","hentry","category-actualite","category-cameroun"],"_links":{"self":[{"href":"https:\/\/linitiative.ca\/International\/wp-json\/wp\/v2\/posts\/124243","targetHints":{"allow":["GET"]}}],"collection":[{"href":"https:\/\/linitiative.ca\/International\/wp-json\/wp\/v2\/posts"}],"about":[{"href":"https:\/\/linitiative.ca\/International\/wp-json\/wp\/v2\/types\/post"}],"author":[{"embeddable":true,"href":"https:\/\/linitiative.ca\/International\/wp-json\/wp\/v2\/users\/1965"}],"replies":[{"embeddable":true,"href":"https:\/\/linitiative.ca\/International\/wp-json\/wp\/v2\/comments?post=124243"}],"version-history":[{"count":0,"href":"https:\/\/linitiative.ca\/International\/wp-json\/wp\/v2\/posts\/124243\/revisions"}],"wp:attachment":[{"href":"https:\/\/linitiative.ca\/International\/wp-json\/wp\/v2\/media?parent=124243"}],"wp:term":[{"taxonomy":"category","embeddable":true,"href":"https:\/\/linitiative.ca\/International\/wp-json\/wp\/v2\/categories?post=124243"},{"taxonomy":"post_tag","embeddable":true,"href":"https:\/\/linitiative.ca\/International\/wp-json\/wp\/v2\/tags?post=124243"}],"curies":[{"name":"wp","href":"https:\/\/api.w.org\/{rel}","templated":true}]}}