{"id":124245,"date":"2021-08-15T04:48:37","date_gmt":"2021-08-15T08:48:37","guid":{"rendered":"https:\/\/linitiative.ca\/International\/programmation-les-etablissements-et-entreprises-du-secteur-public-et-parapublic-preparent-le-budget-2022\/"},"modified":"2021-08-15T04:48:37","modified_gmt":"2021-08-15T08:48:37","slug":"programmation-les-etablissements-et-entreprises-du-secteur-public-et-parapublic-preparent-le-budget-2022","status":"publish","type":"post","link":"https:\/\/linitiative.ca\/International\/programmation-les-etablissements-et-entreprises-du-secteur-public-et-parapublic-preparent-le-budget-2022\/","title":{"rendered":"Programmation : les \u00e9tablissements et entreprises du secteur public et parapublic pr\u00e9parent le budget 2022"},"content":{"rendered":"<div>\n<p>Plus que quelques mois et l\u2019ann\u00e9e 2021, tirera \u00e0 son terme, et le gouvernement est d\u00e9j\u00e0 dans une perspective pr\u00e9paratoire \u00e0 l\u2019ann\u00e9e 2022. C\u2019est pour ce faire que le ministre de l\u2019Economie, de la planification et de l\u2019am\u00e9nagement du territoire (Minepat), organise du 16 au 17 ao\u00fbt prochain \u00abdes conf\u00e9rences de budg\u00e9tisation des ressources de restructuration au titre de l\u2019exercice 2022\u00a0\u00bb, peut-on lire dans un communiqu\u00e9 rendu public par ce d\u00e9partement minist\u00e9riel. Sont concern\u00e9s par lesdites conf\u00e9rences, les responsables des Etablissements et entreprises du secteur public et parapublic, sous Contrat-plan et Contrat d\u2019objectif minimum avec l\u2019Etat.<\/p>\n<p><strong>Lire aussi<\/strong> : <strong><a href=\"https:\/\/ecomatin.net\/partenariat-publicc-prive-lenam-a-lecole-du-livre-blanc-du-gicam\/\">Partenariat public-priv\u00e9 : l\u2019Enam \u00e0 l\u2019\u00e9cole du livre<\/a> <a href=\"https:\/\/ecomatin.net\/partenariat-publicc-prive-lenam-a-lecole-du-livre-blanc-du-gicam\/\">blanc du Gicam<\/a><\/strong><\/p>\n<p>L\u2019objectif \u00e9tant d\u2019\u00ab\u00a0assurer une programmation des activit\u00e9s des contrats plans et des contrats d\u2019objectif minimum en prenant en compte les mouvements intervenus entretemps, mais \u00e9galement la n\u00e9cessit\u00e9 d\u2019une maturation pr\u00e9alable en vue de la constatation des montants \u00e0 inscrire dans le budget 2022\u00a0\u00bb, renseigne le communiqu\u00e9 du ministre.<\/p>\n<p><strong>Lire aussi<\/strong> : <strong><a href=\"https:\/\/ecomatin.net\/la-nasla-dispose-de-ses-organes-sociaux\/\">La Nasla dispose de ses organes sociaux<\/a><\/strong><\/p>\n<p>L\u2019ordre de passage pr\u00e9voit donc pour la journ\u00e9e du 16 ao\u00fbt que soient re\u00e7us les organismes ci-apr\u00e8s\u00a0: <strong><a href=\"https:\/\/ecomatin.net\/partenariat-publicc-prive-lenam-a-lecole-du-livre-blanc-du-gicam\/\">Ecole national d\u2019administration et de magistrature<\/a><\/strong> (Enam), la National school of local administration (Nasla), et la Campost. Ils seront suivis le lendemain par la Cameroon radion and television <a href=\"https:\/\/ecomatin.net\/audiovisuel-le-le-japon-accorde-un-don-de-725-millionss-a-la-crtv-pour-renouvelerr-ses-infrastructures\/\">(Crtv)<\/a>, l\u2019Imprimerie nationale, l\u2019Upper Nun valley development authority (Unvda) et l\u2019Agence de promotion des petites et moyennes entreprises (Apme).<\/p>\n<p><strong>Lire aussi<\/strong> : <strong><a href=\"https:\/\/ecomatin.net\/audiovisuel-le-le-japon-accorde-un-don-de-725-millionss-a-la-crtv-pour-renouvelerr-ses-infrastructures\/\">Audiovisuel : le Japon accorde un don de 725 millions \u00e0 la Crtv pour renouveler ses infrastructures<\/a><\/strong><\/p>\n<p>L\u2019article <a rel=\"nofollow\" href=\"https:\/\/ecomatin.net\/programmation-les-etablissementss-et-entreprises-s-du-secteur-public-et-parapublic-preparent-le-budget-2022\/\">Programmation : les \u00e9tablissements et entreprises du secteur public et parapublic pr\u00e9parent le budget 2022<\/a> est apparu en premier sur <a rel=\"nofollow\" href=\"https:\/\/ecomatin.net\/\">EcoMatin<\/a>.<\/p>\n<\/div>\n<p>Auteur: Cindy MBALA<br \/>\n<a href=\"https:\/\/ecomatin.net\/programmation-les-etablissementss-et-entreprises-s-du-secteur-public-et-parapublic-preparent-le-budget-2022\/\">Cliquez ici pour lire l&rsquo;article depuis sa source.<\/a><\/p>\n","protected":false},"excerpt":{"rendered":"<p>Plus que quelques mois et l\u2019ann\u00e9e 2021, tirera \u00e0 son terme, et le gouvernement est d\u00e9j\u00e0 dans une perspective pr\u00e9paratoire \u00e0 l\u2019ann\u00e9e 2022. C\u2019est pour ce faire que le ministre de l\u2019Economie, de la planification et de l\u2019am\u00e9nagement du territoire (Minepat), organise du 16 au 17 ao\u00fbt prochain \u00abdes conf\u00e9rences de budg\u00e9tisation des ressources de [&hellip;]<\/p>\n","protected":false},"author":1969,"featured_media":0,"comment_status":"closed","ping_status":"closed","sticky":false,"template":"","format":"standard","meta":{"fifu_image_url":"","fifu_image_alt":"","footnotes":""},"categories":[82,78],"tags":[],"class_list":["post-124245","post","type-post","status-publish","format-standard","hentry","category-cameroun","category-economie"],"_links":{"self":[{"href":"https:\/\/linitiative.ca\/International\/wp-json\/wp\/v2\/posts\/124245","targetHints":{"allow":["GET"]}}],"collection":[{"href":"https:\/\/linitiative.ca\/International\/wp-json\/wp\/v2\/posts"}],"about":[{"href":"https:\/\/linitiative.ca\/International\/wp-json\/wp\/v2\/types\/post"}],"author":[{"embeddable":true,"href":"https:\/\/linitiative.ca\/International\/wp-json\/wp\/v2\/users\/1969"}],"replies":[{"embeddable":true,"href":"https:\/\/linitiative.ca\/International\/wp-json\/wp\/v2\/comments?post=124245"}],"version-history":[{"count":0,"href":"https:\/\/linitiative.ca\/International\/wp-json\/wp\/v2\/posts\/124245\/revisions"}],"wp:attachment":[{"href":"https:\/\/linitiative.ca\/International\/wp-json\/wp\/v2\/media?parent=124245"}],"wp:term":[{"taxonomy":"category","embeddable":true,"href":"https:\/\/linitiative.ca\/International\/wp-json\/wp\/v2\/categories?post=124245"},{"taxonomy":"post_tag","embeddable":true,"href":"https:\/\/linitiative.ca\/International\/wp-json\/wp\/v2\/tags?post=124245"}],"curies":[{"name":"wp","href":"https:\/\/api.w.org\/{rel}","templated":true}]}}