{"id":124254,"date":"2021-08-16T09:00:23","date_gmt":"2021-08-16T13:00:23","guid":{"rendered":"https:\/\/linitiative.ca\/International\/pres-de-35-millions-dh-pour-un-nouveau-centre-de-formation-professionnelle-a-ouezzane\/"},"modified":"2021-08-16T09:00:23","modified_gmt":"2021-08-16T13:00:23","slug":"pres-de-35-millions-dh-pour-un-nouveau-centre-de-formation-professionnelle-a-ouezzane","status":"publish","type":"post","link":"https:\/\/linitiative.ca\/International\/pres-de-35-millions-dh-pour-un-nouveau-centre-de-formation-professionnelle-a-ouezzane\/","title":{"rendered":"Pr\u00e8s de 35 millions DH pour un nouveau Centre de formation professionnelle \u00e0 Ouezzane"},"content":{"rendered":"<div>\n<p><img decoding=\"async\" width=\"300\" height=\"153\" src=\"https:\/\/linitiative.ca\/International\/wp-content\/uploads\/sites\/23\/2021\/08\/ofppt-300x153-1.jpg\" class=\"attachment-medium size-medium wp-post-image\" alt=\"\" loading=\"lazy\" srcset=\"\/\/aujourdhui.ma\/wp-content\/uploads\/2017\/06\/ofppt-300x153.jpg 300w, \/\/aujourdhui.ma\/wp-content\/uploads\/2017\/06\/ofppt.jpg 746w\" sizes=\"auto, (max-width: 300px) 100vw, 300px\"><\/p>\n<p><span style=\"font-size: 20px; color: #800000;\"><strong>Fruit d\u2019une convention de partenariat entre l\u2019OFPPT et le CR-TTA<\/strong> <\/span><span id=\"more-384138\"><\/span><\/p>\n<p><span style=\"color: #ff0000;\">Les diff\u00e9rentes \u00e9tapes de la mise en place de cette structure englobent, entre autres, les \u00e9tudes et la mise en chantier de ce projet, les \u00e9quipements et les installations administratives et de formation au sein de cette structure.<\/span><\/p>\n<p>Contribuer au d\u00e9veloppement des infrastructures de formation essentielles dans la province en tenant compte de la qualit\u00e9 et des exigences du march\u00e9 de l\u2019emploi. C\u2019est l\u2019objectif principal de la cr\u00e9ation d\u2019un nouveau Centre de formation professionnelle \u00e0 Ouezzane. D\u2019une enveloppe budg\u00e9taire globale de 34,7 millions de dirhams, ce nouveau projet qui ambitionne d\u2019accompagner le d\u00e9veloppement \u00e9conomique et social aussi bien au niveau r\u00e9gional que local est le fruit d\u2019une convention de partenariat liant l\u2019Office de la formation professionnelle et de la promotion du travail (OFPPT) \u00e0 la wilaya de la r\u00e9gion de Tanger-T\u00e9touan-Al Hoceima et le Conseil r\u00e9gional (CR-TTA). Cette convention est destin\u00e9e \u00e0 entrer en vigueur imm\u00e9diatement apr\u00e8s la signature par les diff\u00e9rentes parties prenantes de ce projet. Selon ce partenariat, dont les dispositions viennent d\u2019\u00eatre approuv\u00e9es lors de la derni\u00e8re session ordinaire du CR-TTA au titre du mois de juillet, le futur Centre de formation professionnelle d\u2019Ouezzane sera r\u00e9alis\u00e9 selon les crit\u00e8res approuv\u00e9s par l\u2019OFPPT.<\/p>\n<p>Les diff\u00e9rentes \u00e9tapes de la mise en place de cette structure englobent, entre autres, les \u00e9tudes et la mise en chantier de ce projet, les \u00e9quipements et les installations administratives et de formation au sein de cette structure.<br \/>\nConform\u00e9ment aux dispositions de cette convention, l\u2019OFPPT s\u2019engage \u00e0 assurer la gestion du futur Centre de formation professionnelle selon les normes en vigueur \u00e0 l\u2019int\u00e9rieur de cet \u00e9tablissement. L\u2019Office a pour mission d\u2019approvisionner en ressources humaines charg\u00e9es pour la formation et l\u2019encadrement des \u00e9l\u00e8ves de cet \u00e9tablissement.<br \/>\nIl se chargea de doter cette nouvelle structure en \u00e9quipements gr\u00e2ce au soutien financier du CR-TTA. L\u2019OFPPT a pour mission de s\u00e9lectionner les futurs stagiaires de ce nouveau centre de formation. Il se chargera \u00e9galement de la remise des dipl\u00f4mes aux laur\u00e9ats du futur centre de formation professionnelle.<br \/>\nLe CR-TTA a pour mission, quant \u00e0 lui, l\u2019acquisition du foncier pour la mise en place de cette structure, et ce pour un montant de 1,9 million de dirhams.<\/p>\n<p>Le Conseil r\u00e9gional s\u2019engage \u00e0 r\u00e9aliser les \u00e9tudes architecturales et techniques et du Centre de formation et d\u2019insertion professionnelle \u00e0 Ouezzane, et ce \u00e0 travers l\u2019Agence r\u00e9gionale d\u2019ex\u00e9cution des projets (AREP) dans la r\u00e9gion de Tanger-T\u00e9touan-Al Hoceima. Il devra assurer l\u2019accompagnement technique des travaux de construction (26,8 millions de dirhams) conform\u00e9ment aux crit\u00e8res approuv\u00e9s par l\u2019OFPPT. Et comme il a \u00e9t\u00e9 mentionn\u00e9 ci-dessus, le CR-TTA s\u2019engage \u00e9galement \u00e0 apporter le financement pour l\u2019acquisition des \u00e9quipements n\u00e9cessaires du centre (6 millions de dirhams avant de passer sous gestion sous l\u2019Office.<br \/>\nPr\u00e9sid\u00e9 par le gouverneur de la province, un comit\u00e9 mixte sera compos\u00e9 des diff\u00e9rentes parties prenantes pour assurer l\u2019accompagnement et le suivi de ce projet.<\/p>\n<\/div>\n<p>Auteur: Najat Fa\u00efssal<br \/>\n<a href=\"https:\/\/aujourdhui.ma\/emploi\/formation\/pres-de-35-millions-dh-pour-un-nouveau-centre-de-formation-professionnelle-a-ouezzane\">Cliquez ici pour lire l&rsquo;article depuis sa source.<\/a><\/p>\n","protected":false},"excerpt":{"rendered":"<p>Fruit d\u2019une convention de partenariat entre l\u2019OFPPT et le CR-TTA Les diff\u00e9rentes \u00e9tapes de la mise en place de cette structure englobent, entre autres, les \u00e9tudes et la mise en chantier de ce projet, les \u00e9quipements et les installations administratives et de formation au sein de cette structure. Contribuer au d\u00e9veloppement des infrastructures de formation [&hellip;]<\/p>\n","protected":false},"author":1759,"featured_media":0,"comment_status":"closed","ping_status":"closed","sticky":false,"template":"","format":"standard","meta":{"fifu_image_url":"https:\/\/aujourdhui.ma\/wp-content\/uploads\/2017\/06\/ofppt-300x153.jpg","fifu_image_alt":"Pr\u00e8s de 35 millions DH pour un nouveau Centre de formation professionnelle \u00e0 Ouezzane","footnotes":""},"categories":[73,54],"tags":[],"class_list":["post-124254","post","type-post","status-publish","format-standard","hentry","category-actualite","category-maroc"],"_links":{"self":[{"href":"https:\/\/linitiative.ca\/International\/wp-json\/wp\/v2\/posts\/124254","targetHints":{"allow":["GET"]}}],"collection":[{"href":"https:\/\/linitiative.ca\/International\/wp-json\/wp\/v2\/posts"}],"about":[{"href":"https:\/\/linitiative.ca\/International\/wp-json\/wp\/v2\/types\/post"}],"author":[{"embeddable":true,"href":"https:\/\/linitiative.ca\/International\/wp-json\/wp\/v2\/users\/1759"}],"replies":[{"embeddable":true,"href":"https:\/\/linitiative.ca\/International\/wp-json\/wp\/v2\/comments?post=124254"}],"version-history":[{"count":0,"href":"https:\/\/linitiative.ca\/International\/wp-json\/wp\/v2\/posts\/124254\/revisions"}],"wp:attachment":[{"href":"https:\/\/linitiative.ca\/International\/wp-json\/wp\/v2\/media?parent=124254"}],"wp:term":[{"taxonomy":"category","embeddable":true,"href":"https:\/\/linitiative.ca\/International\/wp-json\/wp\/v2\/categories?post=124254"},{"taxonomy":"post_tag","embeddable":true,"href":"https:\/\/linitiative.ca\/International\/wp-json\/wp\/v2\/tags?post=124254"}],"curies":[{"name":"wp","href":"https:\/\/api.w.org\/{rel}","templated":true}]}}