{"id":124256,"date":"2021-08-16T09:45:29","date_gmt":"2021-08-16T13:45:29","guid":{"rendered":"https:\/\/linitiative.ca\/International\/la-bande-des-nevroses\/"},"modified":"2021-08-16T09:45:29","modified_gmt":"2021-08-16T13:45:29","slug":"la-bande-des-nevroses","status":"publish","type":"post","link":"https:\/\/linitiative.ca\/International\/la-bande-des-nevroses\/","title":{"rendered":"La bande des n\u00e9vros\u00e9s!"},"content":{"rendered":"<div>\n<p class=\"has-text-color\" style=\"color:#064ae5\"><strong>L\u2019horrible \u00e9clatement des feux sur le territoire alg\u00e9rien, plus particuli\u00e8rement sur les r\u00e9gions de la Kabylie continue \u00e0 d\u00e9frayer la chronique, dans ce sens qu\u2019il met \u00e0 nu l\u2019attitude sc\u00e9l\u00e9rate de la junte alg\u00e9roise. Il n\u2019y a pas plus assassin que de voir succomber des siens \u00e0 petits feux et de feindre de n\u2019y avoir pas d\u2019\u00e9gard!<\/strong><\/p>\n<p>C\u2019est \u00e0 n\u2019en pas douter, un crime des plus crapuleux qu\u2019on puisse commettre si froidement envers des populations laiss\u00e9es pour compte. Depuis d\u00e9j\u00e0 le d\u00e9clenchement des incendies \u00e0 fortes intensit\u00e9s, le Maroc mettait \u00e0 la disposition de son voisin de l\u2019est des appareils d\u2019extinction \u00e0 titre gracieux, sans aucune suite de la part de l\u2019autorit\u00e9 militariste qui pr\u00e9f\u00e9rait, de mani\u00e8re pour le moins qu\u2019on puisse dire bizarro\u00efde, de louer des engins de l\u2019Hexagone, \u00e0 des sommes faramineuses, sans nulle r\u00e9sistance du palais d\u2019El Mouradia.<\/p>\n<p>Un traitement n\u00e9o-colonial qui r\u00e9v\u00e8le de viles soumissions \u00e0 la solde tricolore et d\u00e9nonce la perfidie du r\u00e9gime dictatorial. A voir \u00e9galement l\u2019entr\u00e9e en lice d\u2019un a\u00e9roplane ib\u00e9rique destin\u00e9 \u00e0 des luttes anti-acridiennes, on est plut\u00f4t persuad\u00e9 de l\u2019attitude r\u00e9sign\u00e9e dont font montre les galonn\u00e9s alg\u00e9riens, en chute libre.<\/p>\n<p>Alors que les flammes ravageaient montagnes et prairies, causant de grosses pertes humaines, les gouvernants d\u2019Alger, bien au chaud dans leurs canap\u00e9s douillets trouvent du plaisir \u00e0 m\u00e9dire notre pays, \u00e0 travers leurs, d\u00e9biles caporaux, de leur presse de caniveaux et de leurs rejetons d\u2019intellects.<\/p>\n<p>On ne peut tomber plus bas par cette abjecte \u00a0conduite qui non seulement se d\u00e9robe de la responsabilit\u00e9 \u00e0 l\u2019\u00e9gard du peuple, mais se noie dans la haine chronique vis-\u00e0-vis du pays qui, au fil du temps, constitue un complexe \u00e9ternel dans la r\u00e9gion. Durant des d\u00e9cennies, le r\u00e9gime cynique de l\u2019est r\u00eavait d\u2019\u00e9tendre son leadership en d\u00e9ployant ses options martiales sur toute la zone nord-africaine.<\/p>\n<p>Elle esp\u00e9rait toujours s\u2019accaparer cette mainmise, par les moyens les plus immondes en fomentant tout \u00a0d\u2019abord un conflit artificiel avec le Maroc sous pr\u00e9texte qu\u2019elle plaidait la cause de lib\u00e9ration nationale. En d\u00e9pit des multiples d\u00e9boires et d\u00e9convenues essuy\u00e9es sur tous les plans, elle continue \u00e0 croire \u00e0 la chim\u00e8re expansionniste qu\u2019elle renferme dans ses entrailles. Au fil des ans, tout en sachant que sa th\u00e8se tombe \u00e0 l\u2019eau, elle s\u2019accroche constamment au brin d\u2019espoir, au point de verser dans la d\u00e9raison totale.<\/p>\n<p>Aujourd\u2019hui, l\u2019obsession \u00e0 atteint son paroxysme pour un r\u00e9gime hyper fond\u00e9 sur la menterie, reniant aveugl\u00e9ment de se rendre \u00e0 l\u2019\u00e9vidence et allant droit vers la terre br\u00fbl\u00e9e. Ce ne sont plus alors des hommes \u00absaints\u00bb qui sont au sommet de la pyramide d\u2019Alger, mais bel et bien une bande de n\u00e9vros\u00e9s, de plus en plus, p\u00e9rilleux pour le peuple et tout son entourage.<\/p>\n<p>L\u2019article <a rel=\"nofollow\" href=\"http:\/\/albayane.press.ma\/la-bande-des-nevroses.html\">La bande des n\u00e9vros\u00e9s!<\/a> est apparu en premier sur <a rel=\"nofollow\" href=\"http:\/\/albayane.press.ma\/\">ALBAYANE<\/a>.<\/p>\n<\/div>\n<p>Auteur: M&rsquo;hammed rahal<br \/>\n<a href=\"http:\/\/albayane.press.ma\/la-bande-des-nevroses.html\">Cliquez ici pour lire l&rsquo;article depuis sa source.<\/a><\/p>\n","protected":false},"excerpt":{"rendered":"<p>L\u2019horrible \u00e9clatement des feux sur le territoire alg\u00e9rien, plus particuli\u00e8rement sur les r\u00e9gions de la Kabylie continue \u00e0 d\u00e9frayer la chronique, dans ce sens qu\u2019il met \u00e0 nu l\u2019attitude sc\u00e9l\u00e9rate de la junte alg\u00e9roise. Il n\u2019y a pas plus assassin que de voir succomber des siens \u00e0 petits feux et de feindre de n\u2019y avoir [&hellip;]<\/p>\n","protected":false},"author":1760,"featured_media":0,"comment_status":"closed","ping_status":"closed","sticky":false,"template":"","format":"standard","meta":{"fifu_image_url":"","fifu_image_alt":"","footnotes":""},"categories":[73,54],"tags":[],"class_list":["post-124256","post","type-post","status-publish","format-standard","hentry","category-actualite","category-maroc"],"_links":{"self":[{"href":"https:\/\/linitiative.ca\/International\/wp-json\/wp\/v2\/posts\/124256","targetHints":{"allow":["GET"]}}],"collection":[{"href":"https:\/\/linitiative.ca\/International\/wp-json\/wp\/v2\/posts"}],"about":[{"href":"https:\/\/linitiative.ca\/International\/wp-json\/wp\/v2\/types\/post"}],"author":[{"embeddable":true,"href":"https:\/\/linitiative.ca\/International\/wp-json\/wp\/v2\/users\/1760"}],"replies":[{"embeddable":true,"href":"https:\/\/linitiative.ca\/International\/wp-json\/wp\/v2\/comments?post=124256"}],"version-history":[{"count":0,"href":"https:\/\/linitiative.ca\/International\/wp-json\/wp\/v2\/posts\/124256\/revisions"}],"wp:attachment":[{"href":"https:\/\/linitiative.ca\/International\/wp-json\/wp\/v2\/media?parent=124256"}],"wp:term":[{"taxonomy":"category","embeddable":true,"href":"https:\/\/linitiative.ca\/International\/wp-json\/wp\/v2\/categories?post=124256"},{"taxonomy":"post_tag","embeddable":true,"href":"https:\/\/linitiative.ca\/International\/wp-json\/wp\/v2\/tags?post=124256"}],"curies":[{"name":"wp","href":"https:\/\/api.w.org\/{rel}","templated":true}]}}