{"id":124257,"date":"2021-08-16T09:50:11","date_gmt":"2021-08-16T13:50:11","guid":{"rendered":"https:\/\/linitiative.ca\/International\/onee-demarrage-des-essais-de-la-station-de-dessalement-de-laayoune\/"},"modified":"2021-08-16T09:50:11","modified_gmt":"2021-08-16T13:50:11","slug":"onee-demarrage-des-essais-de-la-station-de-dessalement-de-laayoune","status":"publish","type":"post","link":"https:\/\/linitiative.ca\/International\/onee-demarrage-des-essais-de-la-station-de-dessalement-de-laayoune\/","title":{"rendered":"ONEE: D\u00e9marrage des essais de la station de dessalement de La\u00e2youne"},"content":{"rendered":"<div>\n<p class=\"has-text-align-center has-vivid-red-color has-text-color\"><strong>Pour sa mise en service avant fin 2021<\/strong><\/p>\n<p class=\"has-vivid-cyan-blue-color has-text-color\"><strong>Le Directeur g\u00e9n\u00e9ral de l\u2019Office national de l\u2019\u00e9lectricit\u00e9 et de l\u2019eau potable (ONEE), Abderrahim El Hafidi, a effectu\u00e9, le lundi 9 ao\u00fbt 2021, une visite de terrain pour s\u2019enqu\u00e9rir de l\u2019\u00e9tat d\u2019avancement du projet de renforcement de la production d\u2019eau potable de la ville de La\u00e2youne \u00e0 travers la r\u00e9alisation d\u2019une nouvelle station de dessalement d\u2019eau de mer.<\/strong><\/p>\n<p>Au cours de sa visite, M. El Hafidi s\u2019est enquis de l\u2019\u00e9tat d\u2019avancement des pr\u00e9paratifs relatifs aux essais de mise en service de la premi\u00e8re tranche, qui consiste en la r\u00e9alisation d\u2019une nouvelle station de dessalement d\u2019une capacit\u00e9 de production de 26.000 m3\/j \u00e0 partir des forages c\u00f4tiers. La mise en service de la station, dont le co\u00fbt est de 370 MDH, est pr\u00e9vue avant fin 2021.<\/p>\n<p>Ce projet permettra de rehausser la capacit\u00e9 de production de l\u2019eau potable \u00e0 60.000m3\/j et de satisfaire ainsi les besoins en eau potable des habitants des villes de La\u00e2youne et El Marsa ainsi que des centres Foum El Oued et Tarouma au-del\u00e0 de l\u2019horizon 2035.<\/p>\n<p>L\u2019ONEE a programm\u00e9 \u00e9galement la r\u00e9alisation de la deuxi\u00e8me tranche dudit projet qui consiste en une prise directe de l\u2019eau de mer sur un lin\u00e9aire de 2 Km et une adaptation du syst\u00e8me de pr\u00e9traitement pour renforcer l\u2019alimentation en eau brute de la station de dessalement. D\u2019un co\u00fbt de 300 MDH, la r\u00e9alisation des travaux relatifs \u00e0 cette tranche est pr\u00e9vue avant fin 2023.<\/p>\n<p>L\u2019article <a rel=\"nofollow\" href=\"http:\/\/albayane.press.ma\/onee-demarrage-des-essais-de-la-station-de-dessalement-de-laayoune.html\">ONEE: D\u00e9marrage des essais de la station de dessalement de La\u00e2youne<\/a> est apparu en premier sur <a rel=\"nofollow\" href=\"http:\/\/albayane.press.ma\/\">ALBAYANE<\/a>.<\/p>\n<\/div>\n<p>Auteur: M&rsquo;hammed rahal<br \/>\n<a href=\"http:\/\/albayane.press.ma\/onee-demarrage-des-essais-de-la-station-de-dessalement-de-laayoune.html\">Cliquez ici pour lire l&rsquo;article depuis sa source.<\/a><\/p>\n","protected":false},"excerpt":{"rendered":"<p>Pour sa mise en service avant fin 2021 Le Directeur g\u00e9n\u00e9ral de l\u2019Office national de l\u2019\u00e9lectricit\u00e9 et de l\u2019eau potable (ONEE), Abderrahim El Hafidi, a effectu\u00e9, le lundi 9 ao\u00fbt 2021, une visite de terrain pour s\u2019enqu\u00e9rir de l\u2019\u00e9tat d\u2019avancement du projet de renforcement de la production d\u2019eau potable de la ville de La\u00e2youne \u00e0 [&hellip;]<\/p>\n","protected":false},"author":1760,"featured_media":0,"comment_status":"closed","ping_status":"closed","sticky":false,"template":"","format":"standard","meta":{"fifu_image_url":"","fifu_image_alt":"","footnotes":""},"categories":[73,54],"tags":[],"class_list":["post-124257","post","type-post","status-publish","format-standard","hentry","category-actualite","category-maroc"],"_links":{"self":[{"href":"https:\/\/linitiative.ca\/International\/wp-json\/wp\/v2\/posts\/124257","targetHints":{"allow":["GET"]}}],"collection":[{"href":"https:\/\/linitiative.ca\/International\/wp-json\/wp\/v2\/posts"}],"about":[{"href":"https:\/\/linitiative.ca\/International\/wp-json\/wp\/v2\/types\/post"}],"author":[{"embeddable":true,"href":"https:\/\/linitiative.ca\/International\/wp-json\/wp\/v2\/users\/1760"}],"replies":[{"embeddable":true,"href":"https:\/\/linitiative.ca\/International\/wp-json\/wp\/v2\/comments?post=124257"}],"version-history":[{"count":0,"href":"https:\/\/linitiative.ca\/International\/wp-json\/wp\/v2\/posts\/124257\/revisions"}],"wp:attachment":[{"href":"https:\/\/linitiative.ca\/International\/wp-json\/wp\/v2\/media?parent=124257"}],"wp:term":[{"taxonomy":"category","embeddable":true,"href":"https:\/\/linitiative.ca\/International\/wp-json\/wp\/v2\/categories?post=124257"},{"taxonomy":"post_tag","embeddable":true,"href":"https:\/\/linitiative.ca\/International\/wp-json\/wp\/v2\/tags?post=124257"}],"curies":[{"name":"wp","href":"https:\/\/api.w.org\/{rel}","templated":true}]}}