{"id":124258,"date":"2021-08-16T09:53:21","date_gmt":"2021-08-16T13:53:21","guid":{"rendered":"https:\/\/linitiative.ca\/International\/plf-2022-les-premices-dun-optimisme-justifie\/"},"modified":"2021-08-16T09:53:21","modified_gmt":"2021-08-16T13:53:21","slug":"plf-2022-les-premices-dun-optimisme-justifie","status":"publish","type":"post","link":"https:\/\/linitiative.ca\/International\/plf-2022-les-premices-dun-optimisme-justifie\/","title":{"rendered":"PLF-2022: les pr\u00e9mices d\u2019un optimisme justifi\u00e9!"},"content":{"rendered":"<div>\n<p class=\"has-text-align-right\"><strong>Par Yosra Bougarba (MAP)<\/strong><\/p>\n<p class=\"has-vivid-cyan-blue-color has-text-color\"><strong>La note de cadrage du Projet de loi de finances (PLF) au titre du prochain exercice, adress\u00e9e r\u00e9cemment aux d\u00e9partements minist\u00e9riels, dresse d\u2019ores et d\u00e9j\u00e0, avec un optimisme bien justifi\u00e9 au regard des indicateurs, la physionomie d\u2019une ann\u00e9e cruciale pour la relance de l\u2019\u00e9conomie nationale.<\/strong><\/p>\n<p>L\u2019am\u00e9lioration progressive de la situation \u00e9conomique, l\u2019atteinte d\u2019une r\u00e9colte c\u00e9r\u00e9ali\u00e8re exceptionnelle, le d\u00e9roulement de la campagne nationale de vaccination anti-coronavirus dans les meilleures conditions et la dynamique cr\u00e9\u00e9e par les Marocains r\u00e9sidant \u00e0 l\u2019\u00e9tranger (MRE) sont, entre autres, les variables qui entrent dans l\u2019\u00e9quation du raffermissement du tissu \u00e9conomique marocain pour enclencher une v\u00e9ritable reprise \u00e0 tous les niveaux.<\/p>\n<p>Des variables qui laissent, sans aucun doute, pr\u00e9sager un tout nouveau d\u00e9part pour l\u2019\u00e9conomie marocaine en 2022, une ann\u00e9e d\u00e9cisive pour amorcer la mise en \u0153uvre de chantiers phares comme celui de la g\u00e9n\u00e9ralisation de la couverture sociale au Maroc, ainsi que des r\u00e9formes structurantes, en particulier celles de la fiscalit\u00e9 et du secteur des \u00e9tablissements et entreprises publics (EEP).<\/p>\n<p>Aussi, la r\u00e9alisation des objectifs fix\u00e9s dans le cadre du Nouveau mod\u00e8le de d\u00e9veloppement (NMD), d\u00e9voil\u00e9 fin mai dernier par la Commission sp\u00e9ciale sur le mod\u00e8le de d\u00e9veloppement (CSMD), constitue une priorit\u00e9 durant le prochain exercice.\u00a0 Croissance: les conditions d\u2019un rebond confortable sont l\u00e0!<\/p>\n<p>Sur le volet macro\u00e9conomique, ladite note de cadrage du PLF-2022 table sur une croissance \u00e9conomique de 3,2% pour l\u2019ann\u00e9e prochaine et ce, sur la base des priorit\u00e9s de ce texte et de la conjoncture nationale et internationale, laquelle est li\u00e9e \u00e0 l\u2019\u00e9volution de la crise du nouveau coronavirus (Covid-19).<\/p>\n<p>D\u2019ailleurs, ces projections tiennent compte de l\u2019hypoth\u00e8se d\u2019un prix moyen de gaz butane de 450 dollars\/tonne et d\u2019une r\u00e9colte c\u00e9r\u00e9ali\u00e8re moyenne de 70 millions de quintaux (Mqx).<\/p>\n<p>Ce taux de croissance reste \u00absoutenable\u00bb, d\u2019apr\u00e8s Abdelghani Youmni, Economiste et sp\u00e9cialiste des politiques publiques dans les pays du Sud et de l\u2019Est de la M\u00e9diterran\u00e9e (PSEM). \u00abIl est m\u00eame probable d\u2019enregistrer un taux de croissance proche de 4,2%\u00bb, a-t-il estim\u00e9 dans une d\u00e9claration \u00e0 la MAP.<\/p>\n<p>L\u2019ann\u00e9e 2022, a poursuivi M. Youmni, serait celle d\u2019une croissance tir\u00e9e par \u00able triomphe\u00bb de la vaccination et de la reprise de plusieurs secteurs comme le tourisme, les transports a\u00e9rien et maritime, le textile et l\u2019artisanat.<br \/>La relance \u00e9conomique serait \u00e9galement soutenue par \u00abnos industries strat\u00e9giques\u00bb, \u00e0 savoir l\u2019automobile, l\u2019a\u00e9ronautique et l\u2019agroalimentaire, outre l\u2019industrialisation par substitution aux importations, a-t-il ajout\u00e9.<br \/>Cependant, cet optimisme ne doit pas occulter certaines contraintes, dont le fait que \u00abnotre agriculture reste pluviale\u00bb, a dit M. Youmni, notant que la production c\u00e9r\u00e9ali\u00e8re est un r\u00e9f\u00e9rentiel central servant \u00e0 \u00e9valuer la campagne agricole.<\/p>\n<p>Il a, \u00e0 cet \u00e9gard, rappel\u00e9 que l\u2019agriculture contribue \u00e0 plus de 15% au produit int\u00e9rieur brut (PIB) national, soit 180 milliards de dirhams (MMDH), emploie 46% des actifs du pays et g\u00e9n\u00e8re plus de 250 millions de journ\u00e9es de travail.<\/p>\n<p>De plus, l\u2019\u00e9conomiste a fait remarquer que l\u2019hypoth\u00e8se d\u2019un prix moyen de gaz butane de 450 dollars\/tonne n\u2019inclut pas le cours de change du dollar et cela concerne l\u2019effort budg\u00e9taire que l\u2019\u00c9tat a consenti depuis plusieurs ann\u00e9es pour subventionner le gaz butane.<\/p>\n<p>Concernant le facteur de la crise sanitaire actuelle, il a indiqu\u00e9 que \u00abcomme toutes les crises, il y a des perdants et des gagnants\u00bb, relevant que l\u2019emploi et la croissance seront redistribu\u00e9s et \u00able Maroc va devoir se positionner comme candidat l\u00e9gitime pour occuper une place dans le tour de table\u00bb.<\/p>\n<p>Malgr\u00e9 la mont\u00e9e des effets n\u00e9fastes du Covid-19, cette crise se soldera par de nombreux \u00abbienfaits\u00bb pour le Royaume, a pr\u00e9vu M. Youmni. \u00abLe Maroc a fait preuve de solidarit\u00e9, de r\u00e9silience et de capacit\u00e9 de gouvernance en mati\u00e8re de gestion de l\u2019\u00e9pid\u00e9mie, des contraintes sanitaires et hospitali\u00e8res et de la strat\u00e9gie de vaccination. Il a aussi enregistr\u00e9 des gains ind\u00e9niables de productivit\u00e9 dans certains secteurs\u00bb, s\u2019est-il f\u00e9licit\u00e9.<\/p>\n<p>Et de soutenir que les atouts du Royaume r\u00e9sident dans ses r\u00e9formes institutionnelles et \u00e9conomiques \u00abcourageuses\u00bb et \u00abvolontaristes\u00bb, ses infrastructures routi\u00e8res, a\u00e9roportuaires, maritimes et de t\u00e9l\u00e9communications, sa proximit\u00e9 avec le continent europ\u00e9en, ainsi que sa position de hub entre l\u2019Europe, l\u2019Am\u00e9rique et l\u2019Afrique. S\u2019y ajoute son \u00abpuissant\u00bb dividende d\u00e9mographique pour une population dont 65% des personnes sont \u00e2g\u00e9es de 18 \u00e0 35 ans et une main d\u2019\u0153uvre flexible, habile et vigoureuse.<\/p>\n<p>G\u00e9n\u00e9ralement, M. Youmni a recommand\u00e9 de donner au PLF-2022 davantage d\u2019ouverture sur l\u2019avenir, notamment les effets de la mise en place du NMD et les retomb\u00e9es probables du repositionnement g\u00e9o-\u00e9conomique et g\u00e9opolitique du Maroc.<\/p>\n<p>Il a aussi pr\u00e9conis\u00e9 d\u2019aborder des points sp\u00e9cifiques comme l\u2019all\u00e9gement du co\u00fbt du travail pour l\u2019emploi des jeunes, l\u2019\u00e9valuation du programme \u00abIntelaka\u00bb et des modalit\u00e9s pour le booster, ainsi que les mesures d\u2019accompagnement des entreprises pour pr\u00e9server et relancer l\u2019emploi.<\/p>\n<p>Il s\u2019agit aussi du soutien \u00e0 l\u2019agro\u00e9cologie et l\u2019agriculture du terroir pour conforter le monde rural, de l\u2019activation de la r\u00e9gionalisation \u00e9conomique avanc\u00e9e et de la formation professionnelle des jeunes hommes et femmes aux comp\u00e9tences techniques, citoyennes, sociales et linguistiques.<\/p>\n<p>Le Chef du gouvernement a publi\u00e9 r\u00e9cemment la note de cadrage adress\u00e9e aux d\u00e9partements minist\u00e9riels fixant les priorit\u00e9s et les grandes orientations du PLF-2022.<\/p>\n<p>Cette note pr\u00e9voit notamment la consolidation des bases de la relance \u00e9conomique, le renforcement des m\u00e9canismes d\u2019int\u00e9gration et de d\u00e9veloppement de la g\u00e9n\u00e9ralisation de la protection sociale, le renforcement du capital humain et la r\u00e9forme du secteur public et l\u2019am\u00e9lioration des m\u00e9canismes de gouvernance.<\/p>\n<p>L\u2019article <a rel=\"nofollow\" href=\"http:\/\/albayane.press.ma\/plf-2022-les-premices-dun-optimisme-justifie.html\">PLF-2022: les pr\u00e9mices d\u2019un optimisme justifi\u00e9!<\/a> est apparu en premier sur <a rel=\"nofollow\" href=\"http:\/\/albayane.press.ma\/\">ALBAYANE<\/a>.<\/p>\n<\/div>\n<p>Auteur: M&rsquo;hammed rahal<br \/>\n<a href=\"http:\/\/albayane.press.ma\/plf-2022-les-premices-dun-optimisme-justifie.html\">Cliquez ici pour lire l&rsquo;article depuis sa source.<\/a><\/p>\n","protected":false},"excerpt":{"rendered":"<p>Par Yosra Bougarba (MAP) La note de cadrage du Projet de loi de finances (PLF) au titre du prochain exercice, adress\u00e9e r\u00e9cemment aux d\u00e9partements minist\u00e9riels, dresse d\u2019ores et d\u00e9j\u00e0, avec un optimisme bien justifi\u00e9 au regard des indicateurs, la physionomie d\u2019une ann\u00e9e cruciale pour la relance de l\u2019\u00e9conomie nationale. L\u2019am\u00e9lioration progressive de la situation \u00e9conomique, [&hellip;]<\/p>\n","protected":false},"author":1760,"featured_media":0,"comment_status":"closed","ping_status":"closed","sticky":false,"template":"","format":"standard","meta":{"fifu_image_url":"","fifu_image_alt":"","footnotes":""},"categories":[73,54],"tags":[],"class_list":["post-124258","post","type-post","status-publish","format-standard","hentry","category-actualite","category-maroc"],"_links":{"self":[{"href":"https:\/\/linitiative.ca\/International\/wp-json\/wp\/v2\/posts\/124258","targetHints":{"allow":["GET"]}}],"collection":[{"href":"https:\/\/linitiative.ca\/International\/wp-json\/wp\/v2\/posts"}],"about":[{"href":"https:\/\/linitiative.ca\/International\/wp-json\/wp\/v2\/types\/post"}],"author":[{"embeddable":true,"href":"https:\/\/linitiative.ca\/International\/wp-json\/wp\/v2\/users\/1760"}],"replies":[{"embeddable":true,"href":"https:\/\/linitiative.ca\/International\/wp-json\/wp\/v2\/comments?post=124258"}],"version-history":[{"count":0,"href":"https:\/\/linitiative.ca\/International\/wp-json\/wp\/v2\/posts\/124258\/revisions"}],"wp:attachment":[{"href":"https:\/\/linitiative.ca\/International\/wp-json\/wp\/v2\/media?parent=124258"}],"wp:term":[{"taxonomy":"category","embeddable":true,"href":"https:\/\/linitiative.ca\/International\/wp-json\/wp\/v2\/categories?post=124258"},{"taxonomy":"post_tag","embeddable":true,"href":"https:\/\/linitiative.ca\/International\/wp-json\/wp\/v2\/tags?post=124258"}],"curies":[{"name":"wp","href":"https:\/\/api.w.org\/{rel}","templated":true}]}}