{"id":124259,"date":"2021-08-16T09:58:41","date_gmt":"2021-08-16T13:58:41","guid":{"rendered":"https:\/\/linitiative.ca\/International\/biden-mutique-face-a-sa-plus-grosse-debacle\/"},"modified":"2021-08-16T09:58:41","modified_gmt":"2021-08-16T13:58:41","slug":"biden-mutique-face-a-sa-plus-grosse-debacle","status":"publish","type":"post","link":"https:\/\/linitiative.ca\/International\/biden-mutique-face-a-sa-plus-grosse-debacle\/","title":{"rendered":"Biden mutique face \u00e0 sa \u00abplus grosse d\u00e9b\u00e2cle\u00bb"},"content":{"rendered":"<div>\n<p class=\"has-text-align-center has-vivid-red-color has-text-color\"><strong>Retrait d\u2019Afghanistan<\/strong><\/p>\n<p class=\"has-vivid-cyan-blue-color has-text-color\"><strong>Les images du chaos \u00e0 l\u2019a\u00e9roport de Kaboul et des talibans patrouillant les rues de la capitale afghane sid\u00e8rent le monde, mais le pr\u00e9sident des Etats-Unis, r\u00e9ellement \u00e9branl\u00e9 pour la premi\u00e8re fois depuis son \u00e9lection, se tait.<\/strong><\/p>\n<p>Lundi, tandis que se r\u00e9veille Washington, son agenda ne pr\u00e9voit aucun \u00e9v\u00e9nement public pour Joe Biden, depuis vendredi \u00e0 Camp David, lieu de vill\u00e9giature des pr\u00e9sidents am\u00e9ricains.<\/p>\n<p>Son conseiller \u00e0 la s\u00e9curit\u00e9 nationale Jake Sullivan promet toutefois, sur la cha\u00eene de t\u00e9l\u00e9vision ABC, que les Am\u00e9ricains auront \u00abbient\u00f4t\u00bb des nouvelles de leur pr\u00e9sident.<\/p>\n<p>Alors que tous les m\u00e9dias am\u00e9ricains, y compris ceux qui avaient accueilli avec soulagement son \u00e9lection, parlent de \u00abd\u00e9satre\u00bb (CNN) ou d\u2019un Joe Biden \u00absur la d\u00e9fensive\u00bb (Washington Post).<\/p>\n<p>\u00abQue l\u2019on trouve cela juste ou injuste, l\u2019histoire retiendra que Joe Biden est celui qui a pr\u00e9sid\u00e9 \u00e0 la conclusion humiliante de l\u2019exp\u00e9rience am\u00e9ricaine en Afghanistan\u00bb apr\u00e8s vingt ann\u00e9es de guerre, ass\u00e8ne le New York Times.<\/p>\n<p>Face \u00e0 cette vague de critiques jamais vues depuis l\u2019\u00e9lection, la Maison Blanche de Joe Biden, cette machine bien huil\u00e9e, semble t\u00e9tanis\u00e9e.<\/p>\n<p>En t\u00e9moignent les tweets diffus\u00e9s pendant le week-end, alors que l\u2019Am\u00e9rique suit heure par heure la chute de Kaboul, et que l\u2019image des h\u00e9licopt\u00e8res quittant l\u2019ambassade rappelle les derni\u00e8res images de la guerre du Vietnam.<\/p>\n<p>Sur un clich\u00e9 diffus\u00e9 dimanche sur Twitter, Joe Biden est seul \u00e0 une immense table de r\u00e9union de Camp David. En polo bleu fonc\u00e9, il fait face \u00e0 un \u00e9cran de visioconf\u00e9rence et \u00e0 plusieurs horloges murales r\u00e9gl\u00e9es sur divers fuseaux horaires, recevant \u00abdes mises \u00e0 jour\u00bb sur l\u2019Afghanistan de la part de hauts responsables.<\/p>\n<p>Et le mutisme du pr\u00e9sident d\u00e9mocrate face \u00e0 la d\u00e9tresse de nombreux civils afghans tranche avec l\u2019image d\u2019homme compatissant qu\u2019il cultive d\u2019ordinaire.<\/p>\n<p>L\u2019opposition r\u00e9publicaine, jusqu\u2019ici bien embarrass\u00e9e puisque l\u2019opinion publique am\u00e9ricaine \u00e9tait majoritairement favorable au retrait des troupes, s\u2019est engouffr\u00e9e dans la br\u00e8che face au spectre d\u2019une humiliation internationale de cette arm\u00e9e dont les Am\u00e9ricains sont si fiers.<\/p>\n<p>L\u2019ancien pr\u00e9sident Donald Trump ne s\u2019y est pas tromp\u00e9, lui qui avait pourtant d\u00e9cid\u00e9 le retrait final des troupes am\u00e9ricaines, d\u00e8s le 1er mai 2021, \u00e9ch\u00e9ance repouss\u00e9e au 31 ao\u00fbt par Joe Biden.<\/p>\n<p>Le dirigeant du parti conservateur allemand d\u2019Angela Merkel et candidat \u00e0 sa succession \u00e0 la chancellerie, Armin Laschet, a qualifi\u00e9 lundi le retrait d\u2019Afghanistan des troupes occidentales de \u00abplus grosse d\u00e9b\u00e2cle (\u2026) de l\u2019Otan depuis sa cr\u00e9ation\u00bb.<\/p>\n<p>La France de son c\u00f4t\u00e9 s\u2019appr\u00eate \u00e0 \u00e9vacuer ses derniers ressortissants d\u2019Afghanistan, alors qu\u2019Emmanuel Macron devait s\u2019exprimer en public \u00e0 20H00 pour d\u00e9tailler sa strat\u00e9gie face \u00e0 cette crise.<\/p>\n<p>Depuis le fort de Br\u00e9gan\u00e7on, \u00e0 Bormes-les-Mimosas (Var), o\u00f9 il est en vacances, le chef de l\u2019Etat a fait le point de la situation \u00e0 la mi-journ\u00e9e au cours d\u2019un Conseil de d\u00e9fense en visioconf\u00e9rence avec les principaux responsables concern\u00e9s, comme les ministres des Affaires \u00e9trang\u00e8res Jean-Yves Le Drian et des Arm\u00e9es Florence Parly.<\/p>\n<p>L\u2019article <a rel=\"nofollow\" href=\"http:\/\/albayane.press.ma\/biden-mutique-face-a-sa-plus-grosse-debacle.html\">Biden mutique face \u00e0 sa \u00abplus grosse d\u00e9b\u00e2cle\u00bb<\/a> est apparu en premier sur <a rel=\"nofollow\" href=\"http:\/\/albayane.press.ma\/\">ALBAYANE<\/a>.<\/p>\n<\/div>\n<p>Auteur: M&rsquo;hammed rahal<br \/>\n<a href=\"http:\/\/albayane.press.ma\/biden-mutique-face-a-sa-plus-grosse-debacle.html\">Cliquez ici pour lire l&rsquo;article depuis sa source.<\/a><\/p>\n","protected":false},"excerpt":{"rendered":"<p>Retrait d\u2019Afghanistan Les images du chaos \u00e0 l\u2019a\u00e9roport de Kaboul et des talibans patrouillant les rues de la capitale afghane sid\u00e8rent le monde, mais le pr\u00e9sident des Etats-Unis, r\u00e9ellement \u00e9branl\u00e9 pour la premi\u00e8re fois depuis son \u00e9lection, se tait. Lundi, tandis que se r\u00e9veille Washington, son agenda ne pr\u00e9voit aucun \u00e9v\u00e9nement public pour Joe Biden, [&hellip;]<\/p>\n","protected":false},"author":1760,"featured_media":0,"comment_status":"closed","ping_status":"closed","sticky":false,"template":"","format":"standard","meta":{"fifu_image_url":"","fifu_image_alt":"","footnotes":""},"categories":[73,54],"tags":[],"class_list":["post-124259","post","type-post","status-publish","format-standard","hentry","category-actualite","category-maroc"],"_links":{"self":[{"href":"https:\/\/linitiative.ca\/International\/wp-json\/wp\/v2\/posts\/124259","targetHints":{"allow":["GET"]}}],"collection":[{"href":"https:\/\/linitiative.ca\/International\/wp-json\/wp\/v2\/posts"}],"about":[{"href":"https:\/\/linitiative.ca\/International\/wp-json\/wp\/v2\/types\/post"}],"author":[{"embeddable":true,"href":"https:\/\/linitiative.ca\/International\/wp-json\/wp\/v2\/users\/1760"}],"replies":[{"embeddable":true,"href":"https:\/\/linitiative.ca\/International\/wp-json\/wp\/v2\/comments?post=124259"}],"version-history":[{"count":0,"href":"https:\/\/linitiative.ca\/International\/wp-json\/wp\/v2\/posts\/124259\/revisions"}],"wp:attachment":[{"href":"https:\/\/linitiative.ca\/International\/wp-json\/wp\/v2\/media?parent=124259"}],"wp:term":[{"taxonomy":"category","embeddable":true,"href":"https:\/\/linitiative.ca\/International\/wp-json\/wp\/v2\/categories?post=124259"},{"taxonomy":"post_tag","embeddable":true,"href":"https:\/\/linitiative.ca\/International\/wp-json\/wp\/v2\/tags?post=124259"}],"curies":[{"name":"wp","href":"https:\/\/api.w.org\/{rel}","templated":true}]}}