{"id":124260,"date":"2021-08-16T10:03:31","date_gmt":"2021-08-16T14:03:31","guid":{"rendered":"https:\/\/linitiative.ca\/International\/lions-de-latlas-rennes-refuse-de-ceder-aguerd\/"},"modified":"2021-08-16T10:03:31","modified_gmt":"2021-08-16T14:03:31","slug":"lions-de-latlas-rennes-refuse-de-ceder-aguerd","status":"publish","type":"post","link":"https:\/\/linitiative.ca\/International\/lions-de-latlas-rennes-refuse-de-ceder-aguerd\/","title":{"rendered":"Lions de l\u2019Atlas: Rennes refuse de c\u00e9der Aguerd"},"content":{"rendered":"<div>\n<p class=\"has-text-color\" style=\"color:#064ae5\"><strong>L\u2019international marocain et d\u00e9fenseur de Rennes, Nayef Agued, annonc\u00e9 en partance en direction de la Premier League, devrait finalement rester une saison de plus en France.<\/strong><\/p>\n<p>L\u2019ancien fussiste, recrut\u00e9 par Rennes en 2020, aurait pu d\u00e9couvrir plut\u00f4t que pr\u00e9vu un nouveau championnat. En effet, West Ham, qui cherche a renforc\u00e9 sa charni\u00e8re d\u00e9fensive, aurait propos\u00e9 20 millions d\u2019euros au club fran\u00e7ais pour Aguerd, cependant, les Rouge et Noir refusent de l\u00e2cher leur joyau.<\/p>\n<p>West Ham est \u00e9galement en n\u00e9gociation avec la Fiorentina pour son d\u00e9fenseur Nikola Milenkovi\u0107.<\/p>\n<p>Pour rappel, Nayef Aguerd est n\u00e9 \u00e0 K\u00e9nitra. Issu d\u2019une famille de footballeurs, son p\u00e8re et ses oncles ont \u00e9volu\u00e9 en premi\u00e8re division marocaine. Son oncle est d\u2019ailleurs l\u2019ancien international marocain Abdelmajid Bouyboud.<\/p>\n<p>\u00c9voluant avec la cat\u00e9gorie inf\u00e9rieure du KAC de K\u00e9nitra entra\u00een\u00e9e par Houssaine Anafal, Aguerd est rep\u00e9r\u00e9 par le directeur de l\u2019Acad\u00e9mie Mohammed VI, Nasser Larguet, pr\u00e9sent dans les gradins lors d\u2019un tournoi qui avait lieu dans la banlieue de Rabat en 2009.<\/p>\n<p>\u00c2g\u00e9 de douze ans, le jeune joueur quitte alors son domicile familial pour s\u2019installer dans l\u2019internat de l\u2019Acad\u00e9mie Mohammed VI pendant deux ans. Jouant principalement dans le poste de milieu de terrain, il finit par reculer pour se convertir en d\u00e9fenseur central.<\/p>\n<p>Il signe en 2010 au sein du FUS de Rabat et \u00e9volue dans le championnat amateur. Il joue une saison chez les Rbatis avant de retourner dans le centre de formation de l\u2019Acad\u00e9mie Mohammed VI o\u00f9 il fait la connaissance de plusieurs stars actuelles tels que Hamza Mendyl, Youssef En-Nesyri ou encore Ahmed Reda Tagnaouti.<\/p>\n<p>En 2013, \u00e2g\u00e9 alors de dix-sept ans, Nayef Aguerd est sur le point de s\u2019engager avec le FC Valence. \u00c0 la suite d\u2019un changement de propri\u00e9taire du club espagnol, l\u2019op\u00e9ration est remise en cause et le transfert est annul\u00e9 lors du dernier jour du mercato.<\/p>\n<p>Dans la foul\u00e9e, le joueur se fracture le poignet lors d\u2019un match avec la r\u00e9serve du FUS de Rabat. Aguerd est alors contraint d\u2019\u00eatre op\u00e9r\u00e9. Cependant, le jeune joueur est observ\u00e9 de tr\u00e8s pr\u00e8s par l\u2019entra\u00eeneur de l\u2019\u00e9quipe premi\u00e8re Walid Regragui qui n\u2019h\u00e9site pas \u00e0 le motiver et \u00e0 le mettre en avant. Il dispute alors une saison chez les amateurs avant de signer son premier contrat professionnel au FUS de Rabat en 2014 en Botola Pro.<\/p>\n<p>Le 12 juin 2018, le site officiel du Dijon FCO annonce le transfert du jeune d\u00e9fenseur marocain pour une dur\u00e9e de trois saisons contre 1,6 M\u20ac. Nayef Aguerd \u00e9tait \u00e9galement courtis\u00e9 en Espagne, en Turquie et en Suisse.<\/p>\n<p>Il joue son premier match le\u00a025 ao\u00fbt 2018\u00a0face \u00e0 l\u2019<a href=\"https:\/\/fr.wikipedia.org\/wiki\/OGC_Nice\">OGC Nice<\/a>\u00a0o\u00f9 il sera l\u2019auteur d\u2019un but sur une victoire de 4-0. Rarement align\u00e9 en\u00a0<a href=\"https:\/\/fr.wikipedia.org\/wiki\/Championnat_de_France_de_football\">Ligue 1<\/a>\u00a0\u00e0 cause des blessures et de l\u2019arr\u00eat pr\u00e9matur\u00e9 du championnat (seulement 24 matches jou\u00e9s en l\u2019espace de deux saisons), il se montre toutefois convaincant lors de ses apparitions, notamment par la qualit\u00e9 de ses relances et de ses interventions d\u00e9fensives. Il se distingue \u00e9galement par son apport offensif en inscrivant 4 buts en 24 matchs de Ligue 1.<\/p>\n<p>Le 14 ao\u00fbt 2020, Aguerd signe un contrat de quatre ans en faveur du Stade rennais FC contre la somme de 5 M\u20ac. Il ne tarde pas \u00e0 s\u2019illustrer sous ses nouvelles couleurs puisque le lendemain de son arriv\u00e9e, il marque de la t\u00eate sur un coup-franc tir\u00e9 par Benjamin Bourigeaud lors du dernier match de pr\u00e9paration \u00e0 Nice.<\/p>\n<p>En d\u00e9but de saison, il est le joueur le plus utilis\u00e9 de l\u2019effectif rennais. En effet, il dispute l\u2019int\u00e9gralit\u00e9 des 9 premi\u00e8res rencontres de Ligue 1 2020\/21 et est titulaire lors du 1er match de l\u2019histoire du club breton en Ligue des champions de l\u2019UEFA face \u00e0 FK Krasnodar. Son groupe est compos\u00e9 du club russe, du FC S\u00e9ville et de Chelsea FC. Il est \u00e9limin\u00e9 en phase de groupe, \u00e0 la derni\u00e8re place du classement, mais dispute la totalit\u00e9 des matchs.<\/p>\n<p>Le 8 avril 2021, il est nomin\u00e9 pour le Prix Marc-Vivien Fo\u00e9. Le 23 mai 2021, il dispute son dernier match de la saison avec le Stade rennais FC contre N\u00eemes Olympique (victoire, 2-0).<\/p>\n<p>Il dispute en total 35 matchs en Ligue 1, marque trois buts et d\u00e9livre une passe d\u00e9cisive. En Ligue Europa, il dispute quatre matchs. Il compte \u00e9galement un match en Coupe de France. Le Stade rennais FC termine la saison \u00e0 la sixi\u00e8me place du championnat.<\/p>\n<p>En s\u00e9lection, il participe avec la s\u00e9lection olympique au Festival international espoirs \u2013 Tournoi Maurice-Revello en 2015. Il joue deux matchs lors de ce tournoi, contre la Chine et le Mexique. La s\u00e9lection du Maroc, s\u2019incline en finale du tournoi face \u00e0 l\u2019\u00e9quipe de France sur le score de 3-1.<\/p>\n<p>Rep\u00e9r\u00e9 par le s\u00e9lectionneur fran\u00e7ais Herv\u00e9 Renard, il dispute son premier match en \u00e9quipe du Maroc le 31 ao\u00fbt 2016, en amical contre l\u2019Albanie dans un match qui se soldera sur un match nul de 0-0. \u00c0 l\u2019occasion de la qualification des Lions de l\u2019Atlas en Coupe du monde 2018 en Russie, il voit ses chances de participer \u00e0 la comp\u00e9tition s\u2019envoler \u00e0 cause de la concurrence palpitante dans la d\u00e9fense centrale qu\u2019occupent Medhi Benatia, Romain Sa\u00efss et Manuel da Costa.<\/p>\n<p>Nayef Aguerd effectue son retour en s\u00e9lection nationale en fin ao\u00fbt 2018 pour prendre part aux qualifications \u00e0 la Coupe d\u2019Afrique des nations 2019 et dispute ses premi\u00e8res minutes avec l\u2019\u00e9quipe premi\u00e8re du Maroc face au Malawi le 8 septembre 2018 (victoire, 3-0).<\/p>\n<p>En 2018, Il remporte le Championnat d\u2019Afrique des nations qui se d\u00e9roule au Maroc. Il se distingue par sa solidit\u00e9 d\u00e9fensive et sa qualit\u00e9 de relance.<\/p>\n<p class=\"has-text-align-right\"><strong>Oussama Zidouhia<\/strong><\/p>\n<p>L\u2019article <a rel=\"nofollow\" href=\"http:\/\/albayane.press.ma\/lions-de-latlas-rennes-refuse-de-ceder-aguerd.html\">Lions de l\u2019Atlas: Rennes refuse de c\u00e9der Aguerd<\/a> est apparu en premier sur <a rel=\"nofollow\" href=\"http:\/\/albayane.press.ma\/\">ALBAYANE<\/a>.<\/p>\n<\/div>\n<p>Auteur: M&rsquo;hammed rahal<br \/>\n<a href=\"http:\/\/albayane.press.ma\/lions-de-latlas-rennes-refuse-de-ceder-aguerd.html\">Cliquez ici pour lire l&rsquo;article depuis sa source.<\/a><\/p>\n","protected":false},"excerpt":{"rendered":"<p>L\u2019international marocain et d\u00e9fenseur de Rennes, Nayef Agued, annonc\u00e9 en partance en direction de la Premier League, devrait finalement rester une saison de plus en France. L\u2019ancien fussiste, recrut\u00e9 par Rennes en 2020, aurait pu d\u00e9couvrir plut\u00f4t que pr\u00e9vu un nouveau championnat. En effet, West Ham, qui cherche a renforc\u00e9 sa charni\u00e8re d\u00e9fensive, aurait propos\u00e9 [&hellip;]<\/p>\n","protected":false},"author":1760,"featured_media":0,"comment_status":"closed","ping_status":"closed","sticky":false,"template":"","format":"standard","meta":{"fifu_image_url":"","fifu_image_alt":"","footnotes":""},"categories":[73,54],"tags":[],"class_list":["post-124260","post","type-post","status-publish","format-standard","hentry","category-actualite","category-maroc"],"_links":{"self":[{"href":"https:\/\/linitiative.ca\/International\/wp-json\/wp\/v2\/posts\/124260","targetHints":{"allow":["GET"]}}],"collection":[{"href":"https:\/\/linitiative.ca\/International\/wp-json\/wp\/v2\/posts"}],"about":[{"href":"https:\/\/linitiative.ca\/International\/wp-json\/wp\/v2\/types\/post"}],"author":[{"embeddable":true,"href":"https:\/\/linitiative.ca\/International\/wp-json\/wp\/v2\/users\/1760"}],"replies":[{"embeddable":true,"href":"https:\/\/linitiative.ca\/International\/wp-json\/wp\/v2\/comments?post=124260"}],"version-history":[{"count":0,"href":"https:\/\/linitiative.ca\/International\/wp-json\/wp\/v2\/posts\/124260\/revisions"}],"wp:attachment":[{"href":"https:\/\/linitiative.ca\/International\/wp-json\/wp\/v2\/media?parent=124260"}],"wp:term":[{"taxonomy":"category","embeddable":true,"href":"https:\/\/linitiative.ca\/International\/wp-json\/wp\/v2\/categories?post=124260"},{"taxonomy":"post_tag","embeddable":true,"href":"https:\/\/linitiative.ca\/International\/wp-json\/wp\/v2\/tags?post=124260"}],"curies":[{"name":"wp","href":"https:\/\/api.w.org\/{rel}","templated":true}]}}