{"id":124261,"date":"2021-08-16T09:00:00","date_gmt":"2021-08-16T13:00:00","guid":{"rendered":"https:\/\/linitiative.ca\/International\/video-scenes-de-chaos-a-laeroport-de-kaboul\/"},"modified":"2021-08-16T09:00:00","modified_gmt":"2021-08-16T13:00:00","slug":"video-scenes-de-chaos-a-laeroport-de-kaboul","status":"publish","type":"post","link":"https:\/\/linitiative.ca\/International\/video-scenes-de-chaos-a-laeroport-de-kaboul\/","title":{"rendered":"[vid\u00e9o] Sc\u00e8nes de chaos \u00e0 l\u2019a\u00e9roport de Kaboul"},"content":{"rendered":"<div>Des milliers d\u2019Afghans cherchent \u00e0 fuir leur pays, dans un climat d\u2019inqui\u00e9tude et de panique. A l\u2019a\u00e9roport de Kaboul, des sc\u00e8nes de chaos ont \u00e9t\u00e9 rapport\u00e9es par plusieurs m\u00e9dias o\u00f9 des hommes s&rsquo;agrippaient aux passerelles ou aux escaliers &#8230;<\/div>\n<p>Auteur:<br \/>\n<a href=\"https:\/\/www.liberte-algerie.com\/actualite\/video-scenes-de-chaos-a-laeroport-de-kaboul-363472\">Cliquez ici pour lire l&rsquo;article depuis sa source.<\/a><\/p>\n","protected":false},"excerpt":{"rendered":"<p>Des milliers d\u2019Afghans cherchent \u00e0 fuir leur pays, dans un climat d\u2019inqui\u00e9tude et de panique. A l\u2019a\u00e9roport de Kaboul, des sc\u00e8nes de chaos ont \u00e9t\u00e9 rapport\u00e9es par plusieurs m\u00e9dias o\u00f9 des hommes s&rsquo;agrippaient aux passerelles ou aux escaliers &#8230; Auteur: Cliquez ici pour lire l&rsquo;article depuis sa source.<\/p>\n","protected":false},"author":1742,"featured_media":0,"comment_status":"closed","ping_status":"closed","sticky":false,"template":"","format":"standard","meta":{"fifu_image_url":"","fifu_image_alt":"","footnotes":""},"categories":[73,53],"tags":[],"class_list":["post-124261","post","type-post","status-publish","format-standard","hentry","category-actualite","category-algerie"],"_links":{"self":[{"href":"https:\/\/linitiative.ca\/International\/wp-json\/wp\/v2\/posts\/124261","targetHints":{"allow":["GET"]}}],"collection":[{"href":"https:\/\/linitiative.ca\/International\/wp-json\/wp\/v2\/posts"}],"about":[{"href":"https:\/\/linitiative.ca\/International\/wp-json\/wp\/v2\/types\/post"}],"author":[{"embeddable":true,"href":"https:\/\/linitiative.ca\/International\/wp-json\/wp\/v2\/users\/1742"}],"replies":[{"embeddable":true,"href":"https:\/\/linitiative.ca\/International\/wp-json\/wp\/v2\/comments?post=124261"}],"version-history":[{"count":0,"href":"https:\/\/linitiative.ca\/International\/wp-json\/wp\/v2\/posts\/124261\/revisions"}],"wp:attachment":[{"href":"https:\/\/linitiative.ca\/International\/wp-json\/wp\/v2\/media?parent=124261"}],"wp:term":[{"taxonomy":"category","embeddable":true,"href":"https:\/\/linitiative.ca\/International\/wp-json\/wp\/v2\/categories?post=124261"},{"taxonomy":"post_tag","embeddable":true,"href":"https:\/\/linitiative.ca\/International\/wp-json\/wp\/v2\/tags?post=124261"}],"curies":[{"name":"wp","href":"https:\/\/api.w.org\/{rel}","templated":true}]}}