{"id":124262,"date":"2021-08-16T07:10:41","date_gmt":"2021-08-16T11:10:41","guid":{"rendered":"https:\/\/linitiative.ca\/International\/vague-de-chaleur-lundi-et-mardi-dans-plusieurs-provinces-du-royaume\/"},"modified":"2021-08-16T07:10:41","modified_gmt":"2021-08-16T11:10:41","slug":"vague-de-chaleur-lundi-et-mardi-dans-plusieurs-provinces-du-royaume","status":"publish","type":"post","link":"https:\/\/linitiative.ca\/International\/vague-de-chaleur-lundi-et-mardi-dans-plusieurs-provinces-du-royaume\/","title":{"rendered":"Vague de chaleur lundi et mardi dans plusieurs provinces du Royaume"},"content":{"rendered":"<div>\n<div style=\"margin-bottom:20px;\"><img loading=\"lazy\" decoding=\"async\" width=\"750\" height=\"430\" src=\"https:\/\/linitiative.ca\/International\/wp-content\/uploads\/sites\/23\/2021\/08\/soleil-2-2.jpg\" class=\"attachment-post-thumbnail size-post-thumbnail wp-post-image\" alt=\"\" srcset=\"https:\/\/linitiative.ca\/International\/wp-content\/uploads\/sites\/23\/2021\/08\/soleil-2-2.jpg 750w, http:\/\/www.mapmarrakech.ma\/map\/uploads\/2021\/08\/soleil-2-2-300x172.jpg 300w\" sizes=\"auto, (max-width: 750px) 100vw, 750px\"><\/div>\n<p>Ainsi, des temp\u00e9ratures variant entre 45 et 49\u00b0C concerneront lundi les provinces d\u2019Agadir-Ida-Ou-Tanane, Boujdour, Chtouka Ait Baha, Es-Semara, Guelmim, Inezegane-Ait Melloul, La\u00e2youne, Oued Ed-Dahab, a pr\u00e9cis\u00e9 la DGM dans ce bulletin d\u2019alerte m\u00e9trologique de niveau rouge, notant que mardi ce ph\u00e9nom\u00e8ne concernera les provinces de Boujdour, Es-Semara, Laayoune, Oued Ed-Dahab, Tan-Tan, Tarfaya et Taroudant.<\/p>\n<p>Des temp\u00e9ratures allant de 42 \u00e0 45\u00b0C concerneront lundi les provinces d\u2019Al Haouz, Aousserd, Assa-Zag, Chichaoua, El Kelaa des Sraghna, Essaouira, Fahs-Anjra, Guercif, Khemisset, Khouribga, Larache, M\u2019diq-Fnideq, Marrakech, Meknes, F\u00e8s, Moulay Yacoub, Ouezzane, Rehmna, Settat, Sidi Ifni, Sidi Kacem, Sidi Slimane, Taounate, Taourirt, Tata, Taza, Tetouan, Tiznit, Youssoufia et Zagora, ajoute la m\u00eame source dans une alerte de vigilance de niveau orange.<\/p>\n<p>Le m\u00eame ph\u00e9nom\u00e8ne concernera mardi les provinces d\u2019Aousserd, Assa-Zag, Tata, Guelmim, Inezegane-Ait Melloul, Agadir-Ida-Ou-Tanane, Chtouka-Ait Baha, Essaouira et Tiznit, ajoute la DGM.<\/p>\n<p>The post <a rel=\"nofollow\" href=\"http:\/\/www.mapmarrakech.ma\/fr\/vague-de-chaleur-lundi-et-mardi-dans-plusieurs-provinces-du-royaume\/\">Vague de chaleur lundi et mardi dans plusieurs provinces du Royaume<\/a> appeared first on <a rel=\"nofollow\" href=\"http:\/\/www.mapmarrakech.ma\/fr\">MapMarrakech<\/a>.<\/p>\n<\/div>\n<p>Auteur: Meriem IGASS<br \/>\n<a href=\"http:\/\/www.mapmarrakech.ma\/fr\/vague-de-chaleur-lundi-et-mardi-dans-plusieurs-provinces-du-royaume\/\">Cliquez ici pour lire l&rsquo;article depuis sa source.<\/a><\/p>\n","protected":false},"excerpt":{"rendered":"<p>Ainsi, des temp\u00e9ratures variant entre 45 et 49\u00b0C concerneront lundi les provinces d\u2019Agadir-Ida-Ou-Tanane, Boujdour, Chtouka Ait Baha, Es-Semara, Guelmim, Inezegane-Ait Melloul, La\u00e2youne, Oued Ed-Dahab, a pr\u00e9cis\u00e9 la DGM dans ce bulletin d\u2019alerte m\u00e9trologique de niveau rouge, notant que mardi ce ph\u00e9nom\u00e8ne concernera les provinces de Boujdour, Es-Semara, Laayoune, Oued Ed-Dahab, Tan-Tan, Tarfaya et Taroudant. Des [&hellip;]<\/p>\n","protected":false},"author":1788,"featured_media":0,"comment_status":"closed","ping_status":"closed","sticky":false,"template":"","format":"standard","meta":{"fifu_image_url":"http:\/\/www.mapmarrakech.ma\/map\/uploads\/2021\/08\/soleil-2-2.jpg","fifu_image_alt":"Vague de chaleur lundi et mardi dans plusieurs provinces du Royaume","footnotes":""},"categories":[54,76],"tags":[],"class_list":["post-124262","post","type-post","status-publish","format-standard","hentry","category-maroc","category-regions"],"_links":{"self":[{"href":"https:\/\/linitiative.ca\/International\/wp-json\/wp\/v2\/posts\/124262","targetHints":{"allow":["GET"]}}],"collection":[{"href":"https:\/\/linitiative.ca\/International\/wp-json\/wp\/v2\/posts"}],"about":[{"href":"https:\/\/linitiative.ca\/International\/wp-json\/wp\/v2\/types\/post"}],"author":[{"embeddable":true,"href":"https:\/\/linitiative.ca\/International\/wp-json\/wp\/v2\/users\/1788"}],"replies":[{"embeddable":true,"href":"https:\/\/linitiative.ca\/International\/wp-json\/wp\/v2\/comments?post=124262"}],"version-history":[{"count":0,"href":"https:\/\/linitiative.ca\/International\/wp-json\/wp\/v2\/posts\/124262\/revisions"}],"wp:attachment":[{"href":"https:\/\/linitiative.ca\/International\/wp-json\/wp\/v2\/media?parent=124262"}],"wp:term":[{"taxonomy":"category","embeddable":true,"href":"https:\/\/linitiative.ca\/International\/wp-json\/wp\/v2\/categories?post=124262"},{"taxonomy":"post_tag","embeddable":true,"href":"https:\/\/linitiative.ca\/International\/wp-json\/wp\/v2\/tags?post=124262"}],"curies":[{"name":"wp","href":"https:\/\/api.w.org\/{rel}","templated":true}]}}